{"id":1275,"date":"2017-04-19T18:20:26","date_gmt":"2017-04-19T17:20:26","guid":{"rendered":"http:\/\/revistaeco.cepcordoba.es\/?p=1275"},"modified":"2017-04-19T18:20:26","modified_gmt":"2017-04-19T17:20:26","slug":"iluminar-las-sombras-y-escuchar-los-silencios","status":"publish","type":"post","link":"http:\/\/revistaeco.cepcordoba.es\/index.php\/2017\/04\/19\/iluminar-las-sombras-y-escuchar-los-silencios\/","title":{"rendered":"ILUMINAR LAS SOMBRAS Y ESCUCHAR LOS SILENCIOS."},"content":{"rendered":"<p class=\"western\" style=\"text-align: left;\" align=\"center\"><span style=\"font-family: 'Liberation Sans', serif; font-size: 12pt;\"><b>AUTORA:<\/b><\/span><\/p>\n<p class=\"western\" style=\"text-align: left;\" align=\"center\"><span style=\"font-family: 'Liberation Sans', serif; font-size: 12pt;\"><b>Pilar Ballar\u00edn Domingo<\/b><\/span><\/p>\n<p class=\"western\" style=\"text-align: left;\" align=\"center\"><span style=\"font-family: 'Liberation Sans', serif; font-size: 12pt;\">Catedr\u00e1tica de Teor\u00eda e Historia de la Educaci\u00f3n<\/span><\/p>\n<p class=\"western\" style=\"text-align: left;\" align=\"center\"><span style=\"font-family: 'Liberation Sans', serif; font-size: 12pt;\">Universidad de Granada<\/span><\/p>\n<p class=\"western\" align=\"justify\"><span style=\"color: #c00000; font-size: 12pt;\"><span style=\"font-family: 'Liberation Sans', serif;\"><b>Resumen<\/b><\/span><\/span><\/p>\n<p class=\"western\" style=\"text-align: justify;\" align=\"justify\"><span style=\"font-size: 12pt;\"><span style=\"font-family: 'Liberation Sans', serif;\">En este art\u00edculo se realiza una reflexi\u00f3n en torno a la historia de la educaci\u00f3n de las mujeres y su docencia. Parte de la necesidad de extra\u00f1amiento <\/span><span style=\"font-family: 'Liberation Sans', serif;\"><span lang=\"es-ES\">ante lo que las costumbres convierten en norma y la historia da por conocido y ofrece algunas pautas de trabajo que permitan explicar a las mujeres como sujetos hist\u00f3ricos protagonistas de los cambios. La exposici\u00f3n se organiza en torno a dos met\u00e1foras: iluminar las sombras y escuchar los silencios que vienen a llamar la atenci\u00f3n sobre algunos de los aspectos clave para enfrentarse a la construcci\u00f3n de conocimiento del pasado de las mujeres. <\/span><\/span><\/span><\/p>\n<p class=\"western\" align=\"justify\"><span style=\"color: #c00000; font-size: 12pt;\"><span style=\"font-family: 'Liberation Sans', serif;\"><span lang=\"en-GB\"><b>Abstract<\/b><\/span><\/span><\/span><\/p>\n<p class=\"western\" style=\"text-align: justify;\" align=\"justify\"><span style=\"font-family: 'Liberation Sans', serif; font-size: 12pt;\"><span lang=\"en-GB\">This article reflects on the history of education of women and their teaching. It stems from the need for estrangement when confronted with what customs turn into the norm and history considers as accepted, and it offers some work guidelines that explain women as historical subjects that are the proponents for change. The exhibition is organised around two metaphors: illuminating the shadows and listening to the silences that draw attention to some of the key issues in addressing the construction of knowledge of women\u2019s past.<\/span><\/span><\/p>\n<p class=\"western\" align=\"justify\"><a href=\"http:\/\/revistaeco.cepcordoba.es\/wp-content\/uploads\/2017\/03\/Ballarin.pdf\" target=\"_blank\"><img loading=\"lazy\" decoding=\"async\" class=\"aligncenter wp-image-1257 size-medium\" src=\"http:\/\/revistaeco.cepcordoba.es\/wp-content\/uploads\/2017\/03\/revistaCEP_numero14_descarga-212x300.png\" alt=\"\" width=\"212\" height=\"300\" srcset=\"http:\/\/revistaeco.cepcordoba.es\/wp-content\/uploads\/2017\/03\/revistaCEP_numero14_descarga-212x300.png 212w, http:\/\/revistaeco.cepcordoba.es\/wp-content\/uploads\/2017\/03\/revistaCEP_numero14_descarga-768x1086.png 768w, http:\/\/revistaeco.cepcordoba.es\/wp-content\/uploads\/2017\/03\/revistaCEP_numero14_descarga-724x1024.png 724w, http:\/\/revistaeco.cepcordoba.es\/wp-content\/uploads\/2017\/03\/revistaCEP_numero14_descarga.png 794w\" sizes=\"auto, (max-width: 212px) 100vw, 212px\" \/><\/a><\/p>\n","protected":false},"excerpt":{"rendered":"<p>Pilar Ballar\u00edn Domingo<\/p>\n<p>Resumen<br \/>\nEn este art\u00edculo se realiza una reflexi\u00f3n en torno a la historia de la educaci\u00f3n de las mujeres y su docencia. Parte de la necesidad de extra\u00f1amiento ante lo que las costumbres convierten en norma y la historia da por conocido y ofrece algunas pautas de trabajo que permitan explicar a las mujeres como sujetos hist\u00f3ricos protagonistas de los cambios. La exposici\u00f3n se organiza en torno a dos met\u00e1foras: iluminar las sombras y escuchar los silencios que vienen a llamar la atenci\u00f3n sobre algunos de los aspectos clave para enfrentarse a la construcci\u00f3n de conocimiento del pasado de las mujeres.<\/p><p><a class=\"more-link btn\" href=\"http:\/\/revistaeco.cepcordoba.es\/index.php\/2017\/04\/19\/iluminar-las-sombras-y-escuchar-los-silencios\/\">Seguir leyendo<\/a><\/p>\n","protected":false},"author":2,"featured_media":0,"comment_status":"closed","ping_status":"closed","sticky":false,"template":"","format":"standard","meta":{"jetpack_post_was_ever_published":false,"_jetpack_newsletter_access":"","_jetpack_dont_email_post_to_subs":false,"_jetpack_newsletter_tier_id":0,"_jetpack_memberships_contains_paywalled_content":false,"_jetpack_memberships_contains_paid_content":false,"footnotes":"","jetpack_publicize_message":"","jetpack_publicize_feature_enabled":true,"jetpack_social_post_already_shared":true,"jetpack_social_options":{"image_generator_settings":{"template":"highway","default_image_id":0,"font":"","enabled":false},"version":2}},"categories":[76,79],"tags":[103,98,102],"class_list":["post-1275","post","type-post","status-publish","format-standard","hentry","category-e-co-numero-14","category-monografico-e-co-numero-14","tag-docencia","tag-historia-de-la-educacion","tag-mujeres","nodate","item-wrap"],"jetpack_publicize_connections":[],"jetpack_featured_media_url":"","jetpack_sharing_enabled":true,"jetpack_shortlink":"https:\/\/wp.me\/p8j08t-kz","_links":{"self":[{"href":"http:\/\/revistaeco.cepcordoba.es\/index.php\/wp-json\/wp\/v2\/posts\/1275","targetHints":{"allow":["GET"]}}],"collection":[{"href":"http:\/\/revistaeco.cepcordoba.es\/index.php\/wp-json\/wp\/v2\/posts"}],"about":[{"href":"http:\/\/revistaeco.cepcordoba.es\/index.php\/wp-json\/wp\/v2\/types\/post"}],"author":[{"embeddable":true,"href":"http:\/\/revistaeco.cepcordoba.es\/index.php\/wp-json\/wp\/v2\/users\/2"}],"replies":[{"embeddable":true,"href":"http:\/\/revistaeco.cepcordoba.es\/index.php\/wp-json\/wp\/v2\/comments?post=1275"}],"version-history":[{"count":2,"href":"http:\/\/revistaeco.cepcordoba.es\/index.php\/wp-json\/wp\/v2\/posts\/1275\/revisions"}],"predecessor-version":[{"id":1474,"href":"http:\/\/revistaeco.cepcordoba.es\/index.php\/wp-json\/wp\/v2\/posts\/1275\/revisions\/1474"}],"wp:attachment":[{"href":"http:\/\/revistaeco.cepcordoba.es\/index.php\/wp-json\/wp\/v2\/media?parent=1275"}],"wp:term":[{"taxonomy":"category","embeddable":true,"href":"http:\/\/revistaeco.cepcordoba.es\/index.php\/wp-json\/wp\/v2\/categories?post=1275"},{"taxonomy":"post_tag","embeddable":true,"href":"http:\/\/revistaeco.cepcordoba.es\/index.php\/wp-json\/wp\/v2\/tags?post=1275"}],"curies":[{"name":"wp","href":"https:\/\/api.w.org\/{rel}","templated":true}]}}