{"id":1299,"date":"2017-04-19T18:15:03","date_gmt":"2017-04-19T17:15:03","guid":{"rendered":"http:\/\/revistaeco.cepcordoba.es\/?p=1299"},"modified":"2017-04-19T18:15:03","modified_gmt":"2017-04-19T17:15:03","slug":"implementacion-de-una-agenda-escolar-colaborativa-con-google-calendar-proyecto-y-tutorial","status":"publish","type":"post","link":"http:\/\/revistaeco.cepcordoba.es\/index.php\/2017\/04\/19\/implementacion-de-una-agenda-escolar-colaborativa-con-google-calendar-proyecto-y-tutorial\/","title":{"rendered":"IMPLEMENTACI\u00d3N DE UNA AGENDA ESCOLAR COLABORATIVA CON GOOGLE CALENDAR. PROYECTO Y TUTORIAL."},"content":{"rendered":"<p class=\"western\" style=\"text-align: left;\" align=\"center\"><span style=\"font-family: 'Liberation Sans', serif;\"><span style=\"font-size: medium;\"><b>AUTOR:<\/b><\/span><\/span><\/p>\n<p class=\"western\" style=\"text-align: left;\" align=\"center\"><span style=\"font-family: 'Liberation Sans', serif;\"><span style=\"font-size: medium;\"><b>Federico Abad Ruiz<\/b><\/span><\/span><\/p>\n<p class=\"western\" style=\"text-align: left;\" align=\"center\"><span style=\"font-family: 'Liberation Sans', serif;\"><span style=\"font-size: medium;\">IES Gran Capit\u00e1n<\/span><\/span><\/p>\n<p class=\"western\" align=\"justify\"><span style=\"color: #800000; font-size: 12pt;\"><span style=\"font-family: 'Liberation Sans', serif;\"><b>Resumen<\/b><\/span><\/span><\/p>\n<p class=\"western\" style=\"text-align: justify;\" align=\"justify\"><span style=\"color: #000000;\"><span style=\"font-family: 'Liberation Sans', serif;\"><span style=\"font-size: medium;\">Durante el pasado a\u00f1o acad\u00e9mico 2015-2016 nos planteamos en el Departamento de Formaci\u00f3n, Evaluaci\u00f3n e Innovaci\u00f3n Educativa de nuestro centro poner en funcionamiento una agenda escolar colaborativa sirvi\u00e9ndonos de una herramienta <\/span><\/span><\/span><span style=\"color: #000000;\"><span style=\"font-family: 'Liberation Sans', serif;\"><span style=\"font-size: medium;\"><i>online<\/i><\/span><\/span><\/span><span style=\"color: #000000;\"><span style=\"font-family: 'Liberation Sans', serif;\"><span style=\"font-size: medium;\">. Se tratar\u00eda de llevarla a cabo como un proyecto piloto aplicada a un solo grupo, aunque su finalidad real ser\u00eda, en caso de que la evaluaci\u00f3n de la experiencia resultara positiva, extender su implementaci\u00f3n a la totalidad de los grupos.<\/span><\/span><\/span><\/p>\n<p class=\"western\" align=\"justify\"><a href=\"http:\/\/revistaeco.cepcordoba.es\/wp-content\/uploads\/2017\/03\/Abad.pdf\" target=\"_blank\"><img loading=\"lazy\" decoding=\"async\" class=\"aligncenter wp-image-1257 size-medium\" src=\"http:\/\/revistaeco.cepcordoba.es\/wp-content\/uploads\/2017\/03\/revistaCEP_numero14_descarga-212x300.png\" alt=\"\" width=\"212\" height=\"300\" srcset=\"http:\/\/revistaeco.cepcordoba.es\/wp-content\/uploads\/2017\/03\/revistaCEP_numero14_descarga-212x300.png 212w, http:\/\/revistaeco.cepcordoba.es\/wp-content\/uploads\/2017\/03\/revistaCEP_numero14_descarga-768x1086.png 768w, http:\/\/revistaeco.cepcordoba.es\/wp-content\/uploads\/2017\/03\/revistaCEP_numero14_descarga-724x1024.png 724w, http:\/\/revistaeco.cepcordoba.es\/wp-content\/uploads\/2017\/03\/revistaCEP_numero14_descarga.png 794w\" sizes=\"auto, (max-width: 212px) 100vw, 212px\" \/><\/a><\/p>\n","protected":false},"excerpt":{"rendered":"<p>AUTOR:<br \/>\nFederico Abad Ruiz<\/p>\n<p>Resumen<br \/>\nDurante el pasado a\u00f1o acad\u00e9mico 2015-2016 nos planteamos en el Departamento de Formaci\u00f3n, Evaluaci\u00f3n e Innovaci\u00f3n Educativa de nuestro centro poner en funcionamiento una agenda escolar colaborativa sirvi\u00e9ndonos de una herramienta online. Se tratar\u00eda de llevarla a cabo como un proyecto piloto aplicada a un solo grupo, aunque su finalidad real ser\u00eda, en caso de que la evaluaci\u00f3n de la experiencia resultara positiva, extender su implementaci\u00f3n a la totalidad de los grupos..<\/p><p><a class=\"more-link btn\" href=\"http:\/\/revistaeco.cepcordoba.es\/index.php\/2017\/04\/19\/implementacion-de-una-agenda-escolar-colaborativa-con-google-calendar-proyecto-y-tutorial\/\">Seguir leyendo<\/a><\/p>\n","protected":false},"author":2,"featured_media":0,"comment_status":"closed","ping_status":"closed","sticky":false,"template":"","format":"standard","meta":{"jetpack_post_was_ever_published":false,"_jetpack_newsletter_access":"","_jetpack_dont_email_post_to_subs":false,"_jetpack_newsletter_tier_id":0,"_jetpack_memberships_contains_paywalled_content":false,"_jetpack_memberships_contains_paid_content":false,"footnotes":"","jetpack_publicize_message":"","jetpack_publicize_feature_enabled":true,"jetpack_social_post_already_shared":true,"jetpack_social_options":{"image_generator_settings":{"template":"highway","default_image_id":0,"font":"","enabled":false},"version":2}},"categories":[76,81],"tags":[135,137,136],"class_list":["post-1299","post","type-post","status-publish","format-standard","hentry","category-e-co-numero-14","category-experiencias-e-co-numero-14","tag-agenda-escolar","tag-google-calendar","tag-trabajo-colaborativo","nodate","item-wrap"],"jetpack_publicize_connections":[],"jetpack_featured_media_url":"","jetpack_sharing_enabled":true,"jetpack_shortlink":"https:\/\/wp.me\/p8j08t-kX","_links":{"self":[{"href":"http:\/\/revistaeco.cepcordoba.es\/index.php\/wp-json\/wp\/v2\/posts\/1299","targetHints":{"allow":["GET"]}}],"collection":[{"href":"http:\/\/revistaeco.cepcordoba.es\/index.php\/wp-json\/wp\/v2\/posts"}],"about":[{"href":"http:\/\/revistaeco.cepcordoba.es\/index.php\/wp-json\/wp\/v2\/types\/post"}],"author":[{"embeddable":true,"href":"http:\/\/revistaeco.cepcordoba.es\/index.php\/wp-json\/wp\/v2\/users\/2"}],"replies":[{"embeddable":true,"href":"http:\/\/revistaeco.cepcordoba.es\/index.php\/wp-json\/wp\/v2\/comments?post=1299"}],"version-history":[{"count":4,"href":"http:\/\/revistaeco.cepcordoba.es\/index.php\/wp-json\/wp\/v2\/posts\/1299\/revisions"}],"predecessor-version":[{"id":1465,"href":"http:\/\/revistaeco.cepcordoba.es\/index.php\/wp-json\/wp\/v2\/posts\/1299\/revisions\/1465"}],"wp:attachment":[{"href":"http:\/\/revistaeco.cepcordoba.es\/index.php\/wp-json\/wp\/v2\/media?parent=1299"}],"wp:term":[{"taxonomy":"category","embeddable":true,"href":"http:\/\/revistaeco.cepcordoba.es\/index.php\/wp-json\/wp\/v2\/categories?post=1299"},{"taxonomy":"post_tag","embeddable":true,"href":"http:\/\/revistaeco.cepcordoba.es\/index.php\/wp-json\/wp\/v2\/tags?post=1299"}],"curies":[{"name":"wp","href":"https:\/\/api.w.org\/{rel}","templated":true}]}}