{"id":1314,"date":"2017-04-19T18:13:16","date_gmt":"2017-04-19T17:13:16","guid":{"rendered":"http:\/\/revistaeco.cepcordoba.es\/?p=1314"},"modified":"2017-04-19T18:13:16","modified_gmt":"2017-04-19T17:13:16","slug":"nuestros-cuentos-preferidos-para-el-dia-del-libro-en-educacion-infantil","status":"publish","type":"post","link":"http:\/\/revistaeco.cepcordoba.es\/index.php\/2017\/04\/19\/nuestros-cuentos-preferidos-para-el-dia-del-libro-en-educacion-infantil\/","title":{"rendered":"NUESTROS CUENTOS PREFERIDOS PARA EL D\u00cdA DEL LIBRO EN EDUCACI\u00d3N INFANTIL."},"content":{"rendered":"<p class=\"western\" style=\"text-align: left;\" align=\"center\"><span style=\"color: #000000;\"><span style=\"font-family: 'Liberation Sans', serif;\"><span style=\"font-size: medium;\"><b>AUTORAS:<\/b><\/span><\/span><\/span><\/p>\n<p class=\"western\" style=\"text-align: left;\" align=\"center\"><span style=\"color: #000000;\"><span style=\"font-family: 'Liberation Sans', serif;\"><span style=\"font-size: medium;\"><b>M\u00aa Bel\u00e9n Rodr\u00edguez Jer\u00f3nimo <\/b><\/span><\/span><\/span><\/p>\n<p class=\"western\" style=\"text-align: left;\" align=\"center\"><span style=\"color: #000000;\"><span style=\"font-family: 'Liberation Sans', serif;\"><span style=\"font-size: medium;\">C.E.I.P. Federico Garc\u00eda Lorca (Granada)<\/span><\/span><\/span><\/p>\n<p class=\"western\" style=\"text-align: left;\" align=\"center\"><span style=\"color: #000000;\"><span style=\"font-family: 'Liberation Sans', serif;\"><span style=\"font-size: medium;\"><b>Lourdes Morales L\u00f3pez <\/b><\/span><\/span><\/span><\/p>\n<p class=\"western\" style=\"text-align: left;\" align=\"center\"><span style=\"color: #000000;\"><span style=\"font-family: 'Liberation Sans', serif;\"><span style=\"font-size: medium;\">C.E.I.P. Federico Garc\u00eda Lorca (Granada)<\/span><\/span><\/span><\/p>\n<p>&nbsp;<\/p>\n<p class=\"western\" style=\"text-align: left;\" align=\"justify\"><span style=\"color: #800000; font-size: 12pt;\"><span style=\"font-family: 'Liberation Sans', serif;\"><b>Resumen<\/b><\/span><\/span><\/p>\n<p class=\"western\" style=\"text-align: justify;\" align=\"justify\"><span style=\"color: #000000;\"><span style=\"font-family: 'Liberation Sans', serif;\"><span style=\"font-size: medium;\">Con el deseo de realizar una actividad m\u00e1s, que acercar\u00e1 a nuestro alumnado a lectura y escritura a trav\u00e9s de la lectura de sus cuentos preferidos, previamente prepar\u00e1ndose en sus casas y por tanto requiriendo la participaci\u00f3n de las familias surgi\u00f3 la actividad <\/span><\/span><\/span><span style=\"color: #000000;\"><span style=\"font-family: 'Liberation Sans', serif;\"><span style=\"font-size: medium;\"><b>\u201cMi libro y yo, <\/b><\/span><\/span><\/span> <span style=\"color: #000000;\"><span style=\"font-family: 'Liberation Sans', serif;\"><span style=\"font-size: medium;\"><b>protagonistas\u201d<\/b><\/span><\/span><\/span><span style=\"color: #000000;\"><span style=\"font-family: 'Liberation Sans', serif;\"><span style=\"font-size: medium;\"> pues no nos olvidamos de los maravillosos momentos que proporciona la lectura compartida de los cuentos en estas edades infantiles, dada la gran fuerza que tiene la imaginaci\u00f3n y la fantas\u00eda para los ni\u00f1os y ni\u00f1as.<\/span><\/span><\/span><\/p>\n<p class=\"western\" align=\"justify\"><span style=\"color: #800000;\"><span style=\"font-family: 'Liberation Sans', serif;\"><span style=\"font-size: medium;\"><span lang=\"en-GB\"><b>Abstract<\/b><\/span><\/span><\/span><\/span><\/p>\n<p class=\"western\" style=\"text-align: justify;\" align=\"justify\"><span style=\"color: #222222;\"><span style=\"font-family: 'Liberation Sans', serif;\"><span style=\"font-size: medium;\"><span lang=\"en-GB\">With the desire to do one more activity that will bring our students to read and write by reading favorite stories, previously preparing at home and therefore requiring the participation of families did the activity <\/span><\/span><\/span><\/span><span style=\"color: #222222;\"><span style=\"font-family: 'Liberation Sans', serif;\"><span style=\"font-size: medium;\"><span lang=\"en-GB\"><b>\u00abMy book, me , players \u00ab<\/b><\/span><\/span><\/span><\/span><span style=\"color: #222222;\"><span style=\"font-family: 'Liberation Sans', serif;\"><span style=\"font-size: medium;\"><span lang=\"en-GB\">because we do not forget the wonderful times that provides shared reading of children&#8217;s stories in this age, given the strength he has the imagination and fantasy for children.<\/span><\/span><\/span><\/span><\/p>\n<p class=\"western\" align=\"justify\"><a href=\"http:\/\/revistaeco.cepcordoba.es\/wp-content\/uploads\/2017\/03\/Rodriguez.pdf\" target=\"_blank\"><img loading=\"lazy\" decoding=\"async\" class=\"aligncenter wp-image-1257 size-medium\" src=\"http:\/\/revistaeco.cepcordoba.es\/wp-content\/uploads\/2017\/03\/revistaCEP_numero14_descarga-212x300.png\" alt=\"\" width=\"212\" height=\"300\" srcset=\"http:\/\/revistaeco.cepcordoba.es\/wp-content\/uploads\/2017\/03\/revistaCEP_numero14_descarga-212x300.png 212w, http:\/\/revistaeco.cepcordoba.es\/wp-content\/uploads\/2017\/03\/revistaCEP_numero14_descarga-768x1086.png 768w, http:\/\/revistaeco.cepcordoba.es\/wp-content\/uploads\/2017\/03\/revistaCEP_numero14_descarga-724x1024.png 724w, http:\/\/revistaeco.cepcordoba.es\/wp-content\/uploads\/2017\/03\/revistaCEP_numero14_descarga.png 794w\" sizes=\"auto, (max-width: 212px) 100vw, 212px\" \/><\/a><\/p>\n","protected":false},"excerpt":{"rendered":"<p>AUTORAS:<br \/>\nM\u00aa Bel\u00e9n Rodr\u00edguez Jer\u00f3nimo<\/p>\n<p>Lourdes Morales L\u00f3pez<\/p>\n<p>Resumen<br \/>\nCon el deseo de realizar una actividad m\u00e1s, que acercar\u00e1 a nuestro alumnado a lectura y escritura a trav\u00e9s de la lectura de sus cuentos preferidos, previamente prepar\u00e1ndose en sus casas y por tanto requiriendo la participaci\u00f3n de las familias surgi\u00f3 la actividad \u201cMi libro y yo, protagonistas\u201d pues no nos olvidamos de los maravillosos momentos que proporciona la lectura compartida de los cuentos en estas edades infantiles, dada la gran fuerza que tiene la imaginaci\u00f3n y la fantas\u00eda para los ni\u00f1os y ni\u00f1as.<\/p><p><a class=\"more-link btn\" href=\"http:\/\/revistaeco.cepcordoba.es\/index.php\/2017\/04\/19\/nuestros-cuentos-preferidos-para-el-dia-del-libro-en-educacion-infantil\/\">Seguir leyendo<\/a><\/p>\n","protected":false},"author":2,"featured_media":0,"comment_status":"closed","ping_status":"closed","sticky":false,"template":"","format":"standard","meta":{"jetpack_post_was_ever_published":false,"_jetpack_newsletter_access":"","_jetpack_dont_email_post_to_subs":false,"_jetpack_newsletter_tier_id":0,"_jetpack_memberships_contains_paywalled_content":false,"_jetpack_memberships_contains_paid_content":false,"footnotes":"","jetpack_publicize_message":"","jetpack_publicize_feature_enabled":true,"jetpack_social_post_already_shared":true,"jetpack_social_options":{"image_generator_settings":{"template":"highway","default_image_id":0,"font":"","enabled":false},"version":2}},"categories":[76,81],"tags":[151,154,150,152,158,157,155,156,153],"class_list":["post-1314","post","type-post","status-publish","format-standard","hentry","category-e-co-numero-14","category-experiencias-e-co-numero-14","tag-alumnado","tag-colaboracion","tag-cuentos","tag-familia","tag-fantasia","tag-imaginacion","tag-lectoescritura","tag-motivacion","tag-participacion","nodate","item-wrap"],"jetpack_publicize_connections":[],"jetpack_featured_media_url":"","jetpack_sharing_enabled":true,"jetpack_shortlink":"https:\/\/wp.me\/p8j08t-lc","_links":{"self":[{"href":"http:\/\/revistaeco.cepcordoba.es\/index.php\/wp-json\/wp\/v2\/posts\/1314","targetHints":{"allow":["GET"]}}],"collection":[{"href":"http:\/\/revistaeco.cepcordoba.es\/index.php\/wp-json\/wp\/v2\/posts"}],"about":[{"href":"http:\/\/revistaeco.cepcordoba.es\/index.php\/wp-json\/wp\/v2\/types\/post"}],"author":[{"embeddable":true,"href":"http:\/\/revistaeco.cepcordoba.es\/index.php\/wp-json\/wp\/v2\/users\/2"}],"replies":[{"embeddable":true,"href":"http:\/\/revistaeco.cepcordoba.es\/index.php\/wp-json\/wp\/v2\/comments?post=1314"}],"version-history":[{"count":2,"href":"http:\/\/revistaeco.cepcordoba.es\/index.php\/wp-json\/wp\/v2\/posts\/1314\/revisions"}],"predecessor-version":[{"id":1462,"href":"http:\/\/revistaeco.cepcordoba.es\/index.php\/wp-json\/wp\/v2\/posts\/1314\/revisions\/1462"}],"wp:attachment":[{"href":"http:\/\/revistaeco.cepcordoba.es\/index.php\/wp-json\/wp\/v2\/media?parent=1314"}],"wp:term":[{"taxonomy":"category","embeddable":true,"href":"http:\/\/revistaeco.cepcordoba.es\/index.php\/wp-json\/wp\/v2\/categories?post=1314"},{"taxonomy":"post_tag","embeddable":true,"href":"http:\/\/revistaeco.cepcordoba.es\/index.php\/wp-json\/wp\/v2\/tags?post=1314"}],"curies":[{"name":"wp","href":"https:\/\/api.w.org\/{rel}","templated":true}]}}