{"id":1391,"date":"2017-04-19T12:53:40","date_gmt":"2017-04-19T11:53:40","guid":{"rendered":"http:\/\/revistaeco.cepcordoba.es\/?p=1391"},"modified":"2017-04-19T12:53:40","modified_gmt":"2017-04-19T11:53:40","slug":"factores-a-tener-presentes-en-las-actividades-para-la-practica-y-evaluacion-de-las-destrezas-orales","status":"publish","type":"post","link":"http:\/\/revistaeco.cepcordoba.es\/index.php\/2017\/04\/19\/factores-a-tener-presentes-en-las-actividades-para-la-practica-y-evaluacion-de-las-destrezas-orales\/","title":{"rendered":"FACTORES A TENER PRESENTES EN LAS ACTIVIDADES PARA LA PR\u00c1CTICA Y EVALUACI\u00d3N DE LAS DESTREZAS ORALES."},"content":{"rendered":"<p><span style=\"font-family: arial, helvetica, sans-serif; font-size: 12pt;\"><strong>AUTOR:<\/strong><\/span><\/p>\n<p><span style=\"font-family: arial, helvetica, sans-serif; font-size: 12pt;\"><strong>Juan Carlos Araujo Portugal<\/strong><\/span><\/p>\n<p><span style=\"font-family: arial, helvetica, sans-serif; font-size: 12pt;\">Escuela Oficial de Idiomas de Burgos<\/span><\/p>\n<p><span style=\"font-family: arial, helvetica, sans-serif; font-size: 12pt;\"><strong>\u00a0<\/strong><\/span><\/p>\n<p><span style=\"font-family: arial, helvetica, sans-serif; font-size: 12pt;\"><strong>Resumen<\/strong><\/span><\/p>\n<p style=\"text-align: justify;\"><span style=\"font-family: arial, helvetica, sans-serif; font-size: 12pt;\">Este art\u00edculo incluye la propuesta de una actividad de comprensi\u00f3n auditiva y otra de expresi\u00f3n oral, en las que se tienen presentes las consideraciones que diversos investigadores y acad\u00e9micos interesados en su estudio y desarrollo han se\u00f1alado. Asimismo, se repasa el marco te\u00f3rico que las justifica, lo que ayuda tanto a profesorado novel como al que ya cuenta con experiencia docente a comprender mejor el tipo de actividades que normalmente se llevan a cabo en las clases de lenguas extranjeras, para as\u00ed conseguir que estos ejercicios resulten efectivos y que el alumnado se pueda beneficiar de ellos lo m\u00e1ximo posible.<\/span><\/p>\n<p>&nbsp;<\/p>\n<p>&nbsp;<\/p>\n<p><span style=\"font-family: arial, helvetica, sans-serif; font-size: 12pt;\"><strong>Abstract<\/strong><\/span><\/p>\n<p style=\"text-align: justify;\"><span style=\"font-family: arial, helvetica, sans-serif; font-size: 12pt;\">This paper presents a proposal of a listening and a speaking activity which take into account those considerations that many researchers and scholars who are interested in their study and development have stated. Apart from the proposed listening and speaking activities, the revision of the theoretical framework behind them will prove useful for both pre-service and in-service teachers in order to better understand the kinds of activities that are normally carried out in a foreign language class. Thus, this revision will help make these activities more effective and students will benefit as much as possible from them.<\/span><\/p>\n<p>&nbsp;<\/p>\n<p><a href=\"http:\/\/revistaeco.cepcordoba.es\/wp-content\/uploads\/2017\/04\/Araujo.pdf\" target=\"_blank\"><img loading=\"lazy\" decoding=\"async\" class=\"aligncenter wp-image-1257 size-medium\" src=\"http:\/\/revistaeco.cepcordoba.es\/wp-content\/uploads\/2017\/03\/revistaCEP_numero14_descarga-212x300.png\" alt=\"\" width=\"212\" height=\"300\" srcset=\"http:\/\/revistaeco.cepcordoba.es\/wp-content\/uploads\/2017\/03\/revistaCEP_numero14_descarga-212x300.png 212w, http:\/\/revistaeco.cepcordoba.es\/wp-content\/uploads\/2017\/03\/revistaCEP_numero14_descarga-768x1086.png 768w, http:\/\/revistaeco.cepcordoba.es\/wp-content\/uploads\/2017\/03\/revistaCEP_numero14_descarga-724x1024.png 724w, http:\/\/revistaeco.cepcordoba.es\/wp-content\/uploads\/2017\/03\/revistaCEP_numero14_descarga.png 794w\" sizes=\"auto, (max-width: 212px) 100vw, 212px\" \/><\/a><\/p>\n","protected":false},"excerpt":{"rendered":"<p>Juan Carlos Araujo Portugal<\/p>\n<p>Resumen<br \/>\nEste art\u00edculo incluye la propuesta de una actividad de comprensi\u00f3n auditiva y otra de expresi\u00f3n oral, en las que se tienen presentes las consideraciones que diversos investigadores y acad\u00e9micos interesados en su estudio y desarrollo han se\u00f1alado. Asimismo, se repasa el marco te\u00f3rico que las justifica, lo que ayuda tanto a profesorado novel como al que ya cuenta con experiencia docente a comprender mejor el tipo de actividades que normalmente se llevan a cabo en las clases de lenguas extranjeras, para as\u00ed conseguir que estos ejercicios resulten efectivos y que el alumnado se pueda beneficiar de ellos lo m\u00e1ximo posible.<\/p><p><a class=\"more-link btn\" href=\"http:\/\/revistaeco.cepcordoba.es\/index.php\/2017\/04\/19\/factores-a-tener-presentes-en-las-actividades-para-la-practica-y-evaluacion-de-las-destrezas-orales\/\">Seguir leyendo<\/a><\/p>\n","protected":false},"author":2,"featured_media":0,"comment_status":"closed","ping_status":"closed","sticky":false,"template":"","format":"standard","meta":{"jetpack_post_was_ever_published":false,"_jetpack_newsletter_access":"","_jetpack_dont_email_post_to_subs":false,"_jetpack_newsletter_tier_id":0,"_jetpack_memberships_contains_paywalled_content":false,"_jetpack_memberships_contains_paid_content":false,"footnotes":"","jetpack_publicize_message":"","jetpack_publicize_feature_enabled":true,"jetpack_social_post_already_shared":true,"jetpack_social_options":{"image_generator_settings":{"template":"highway","default_image_id":0,"font":"","enabled":false},"version":2}},"categories":[77,76,1],"tags":[197,198,199,200,201],"class_list":["post-1391","post","type-post","status-publish","format-standard","hentry","category-articulos-e-co-numero-14","category-e-co-numero-14","category-sin-categoria","tag-actividad","tag-comprension-auditiva","tag-expresion-oral","tag-justificacion","tag-marco-teorico","nodate","item-wrap"],"jetpack_publicize_connections":[],"jetpack_featured_media_url":"","jetpack_sharing_enabled":true,"jetpack_shortlink":"https:\/\/wp.me\/p8j08t-mr","_links":{"self":[{"href":"http:\/\/revistaeco.cepcordoba.es\/index.php\/wp-json\/wp\/v2\/posts\/1391","targetHints":{"allow":["GET"]}}],"collection":[{"href":"http:\/\/revistaeco.cepcordoba.es\/index.php\/wp-json\/wp\/v2\/posts"}],"about":[{"href":"http:\/\/revistaeco.cepcordoba.es\/index.php\/wp-json\/wp\/v2\/types\/post"}],"author":[{"embeddable":true,"href":"http:\/\/revistaeco.cepcordoba.es\/index.php\/wp-json\/wp\/v2\/users\/2"}],"replies":[{"embeddable":true,"href":"http:\/\/revistaeco.cepcordoba.es\/index.php\/wp-json\/wp\/v2\/comments?post=1391"}],"version-history":[{"count":3,"href":"http:\/\/revistaeco.cepcordoba.es\/index.php\/wp-json\/wp\/v2\/posts\/1391\/revisions"}],"predecessor-version":[{"id":1439,"href":"http:\/\/revistaeco.cepcordoba.es\/index.php\/wp-json\/wp\/v2\/posts\/1391\/revisions\/1439"}],"wp:attachment":[{"href":"http:\/\/revistaeco.cepcordoba.es\/index.php\/wp-json\/wp\/v2\/media?parent=1391"}],"wp:term":[{"taxonomy":"category","embeddable":true,"href":"http:\/\/revistaeco.cepcordoba.es\/index.php\/wp-json\/wp\/v2\/categories?post=1391"},{"taxonomy":"post_tag","embeddable":true,"href":"http:\/\/revistaeco.cepcordoba.es\/index.php\/wp-json\/wp\/v2\/tags?post=1391"}],"curies":[{"name":"wp","href":"https:\/\/api.w.org\/{rel}","templated":true}]}}