{"id":177,"date":"2010-10-04T09:00:05","date_gmt":"2010-10-04T09:00:05","guid":{"rendered":"http:\/\/revistaeco.cepcordoba.es\/index.php\/2010\/10\/04\/los-blogs-de-las-bibliotecas-escolares-argentinas-un-estudio-exploratorio\/"},"modified":"2018-06-08T05:34:39","modified_gmt":"2018-06-08T04:34:39","slug":"los-blogs-de-las-bibliotecas-escolares-argentinas-un-estudio-exploratorio","status":"publish","type":"post","link":"http:\/\/revistaeco.cepcordoba.es\/index.php\/2010\/10\/04\/los-blogs-de-las-bibliotecas-escolares-argentinas-un-estudio-exploratorio\/","title":{"rendered":"LOS BLOGS DE LAS BIBLIOTECAS ESCOLARES ARGENTINAS: UN ESTUDIO EXPLORATORIO."},"content":{"rendered":"<p>&nbsp;<\/p>\n<h4><span style=\"color: #800000; font-size: 12pt; font-family: arial, helvetica, sans-serif;\"><strong>AUTORA:<\/strong><\/span><\/h4>\n<p><span style=\"font-size: 14pt;\"><strong><span style=\"font-family: arial, helvetica, sans-serif;\">Diana Rosa Rodr\u00edguez Palchevich<\/span><\/strong><\/span><\/p>\n<p><span style=\"font-size: 12pt; font-family: arial, helvetica, sans-serif;\">Bibliotecaria escolar egresada de la UNMDP (Argentina)<\/span><\/p>\n<p><strong><span style=\"font-size: 12pt; font-family: arial, helvetica, sans-serif; color: #000080;\"><a style=\"color: #000080;\" href=\"mailto:dianainforma@gmail.com\">dianainforma@gmail.com<\/a><\/span><\/strong><\/p>\n<p>&nbsp;<\/p>\n<h4><span style=\"color: #800000; font-size: 12pt; font-family: arial, helvetica, sans-serif;\"><strong>Resumen<\/strong><\/span><\/h4>\n<p style=\"text-align: justify;\"><span style=\"font-size: 12pt; font-family: arial, helvetica, sans-serif;\">Se informa y se exponen\u00a0 las conclusiones sobre un estudio exploratorio realizado sobre los blogs de bibliotecas argentinas. Las variables analizadas fueron: 1) procedencia geogr\u00e1fica; 2) nivel educativo del establecimiento anfitri\u00f3n; 3) destinatarios del blog; 4) finalidad de las \u00faltimas treinta entradas publicadas; 5) herramientas colaborativas que se colocan en el blog a disposici\u00f3n de los usuarios.<\/span><\/p>\n<p style=\"text-align: justify;\"><span style=\"font-size: 12pt; font-family: arial, helvetica, sans-serif;\"><a href=\"http:\/\/revistaeco.cepcordoba.es\/wp-content\/uploads\/2018\/06\/Rodriguez.pdf\"><img loading=\"lazy\" decoding=\"async\" class=\"aligncenter wp-image-2986 size-medium\" src=\"http:\/\/revistaeco.cepcordoba.es\/wp-content\/uploads\/2018\/05\/revistaCEP_numero7_portada_descarga-212x300.png\" alt=\"\" width=\"212\" height=\"300\" srcset=\"http:\/\/revistaeco.cepcordoba.es\/wp-content\/uploads\/2018\/05\/revistaCEP_numero7_portada_descarga-212x300.png 212w, http:\/\/revistaeco.cepcordoba.es\/wp-content\/uploads\/2018\/05\/revistaCEP_numero7_portada_descarga-768x1086.png 768w, http:\/\/revistaeco.cepcordoba.es\/wp-content\/uploads\/2018\/05\/revistaCEP_numero7_portada_descarga-724x1024.png 724w, http:\/\/revistaeco.cepcordoba.es\/wp-content\/uploads\/2018\/05\/revistaCEP_numero7_portada_descarga.png 794w\" sizes=\"auto, (max-width: 212px) 100vw, 212px\" \/><\/a><\/span><\/p>\n","protected":false},"excerpt":{"rendered":"<p>AUTORA<br \/>\nDiana Rosa Rodr\u00edguez Palchevich<\/p>\n<p>Resumen<br \/>\nSe informa y se exponen  las conclusiones sobre un estudio exploratorio realizado sobre los blogs de bibliotecas argentinas. Las variables analizadas fueron: 1) procedencia geogr\u00e1fica; 2) nivel educativo del establecimiento anfitri\u00f3n; 3) destinatarios del blog; 4) finalidad de las \u00faltimas treinta entradas publicadas; 5) herramientas colaborativas que se colocan en el blog a disposici\u00f3n de los usuarios.<\/p><p><a class=\"more-link btn\" href=\"http:\/\/revistaeco.cepcordoba.es\/index.php\/2010\/10\/04\/los-blogs-de-las-bibliotecas-escolares-argentinas-un-estudio-exploratorio\/\">Seguir leyendo<\/a><\/p>\n","protected":false},"author":1,"featured_media":0,"comment_status":"open","ping_status":"open","sticky":false,"template":"","format":"standard","meta":{"jetpack_post_was_ever_published":false,"_jetpack_newsletter_access":"","_jetpack_dont_email_post_to_subs":false,"_jetpack_newsletter_tier_id":0,"_jetpack_memberships_contains_paywalled_content":false,"_jetpack_memberships_contains_paid_content":false,"footnotes":"","jetpack_publicize_message":"","jetpack_publicize_feature_enabled":true,"jetpack_social_post_already_shared":false,"jetpack_social_options":{"image_generator_settings":{"template":"highway","default_image_id":0,"font":"","enabled":false},"version":2}},"categories":[15],"tags":[483,449,482],"class_list":["post-177","post","type-post","status-publish","format-standard","hentry","category-monografico","tag-argentina","tag-bibliotecas-escolares","tag-blogs","nodate","item-wrap"],"jetpack_publicize_connections":[],"jetpack_featured_media_url":"","jetpack_sharing_enabled":true,"jetpack_shortlink":"https:\/\/wp.me\/p8j08t-2R","_links":{"self":[{"href":"http:\/\/revistaeco.cepcordoba.es\/index.php\/wp-json\/wp\/v2\/posts\/177","targetHints":{"allow":["GET"]}}],"collection":[{"href":"http:\/\/revistaeco.cepcordoba.es\/index.php\/wp-json\/wp\/v2\/posts"}],"about":[{"href":"http:\/\/revistaeco.cepcordoba.es\/index.php\/wp-json\/wp\/v2\/types\/post"}],"author":[{"embeddable":true,"href":"http:\/\/revistaeco.cepcordoba.es\/index.php\/wp-json\/wp\/v2\/users\/1"}],"replies":[{"embeddable":true,"href":"http:\/\/revistaeco.cepcordoba.es\/index.php\/wp-json\/wp\/v2\/comments?post=177"}],"version-history":[{"count":5,"href":"http:\/\/revistaeco.cepcordoba.es\/index.php\/wp-json\/wp\/v2\/posts\/177\/revisions"}],"predecessor-version":[{"id":3070,"href":"http:\/\/revistaeco.cepcordoba.es\/index.php\/wp-json\/wp\/v2\/posts\/177\/revisions\/3070"}],"wp:attachment":[{"href":"http:\/\/revistaeco.cepcordoba.es\/index.php\/wp-json\/wp\/v2\/media?parent=177"}],"wp:term":[{"taxonomy":"category","embeddable":true,"href":"http:\/\/revistaeco.cepcordoba.es\/index.php\/wp-json\/wp\/v2\/categories?post=177"},{"taxonomy":"post_tag","embeddable":true,"href":"http:\/\/revistaeco.cepcordoba.es\/index.php\/wp-json\/wp\/v2\/tags?post=177"}],"curies":[{"name":"wp","href":"https:\/\/api.w.org\/{rel}","templated":true}]}}