{"id":187,"date":"2010-10-05T09:45:24","date_gmt":"2010-10-05T09:45:24","guid":{"rendered":"http:\/\/revistaeco.cepcordoba.es\/index.php\/2010\/10\/05\/bibliotecas-escolares-en-portugal\/"},"modified":"2018-06-08T04:57:02","modified_gmt":"2018-06-08T03:57:02","slug":"bibliotecas-escolares-en-portugal","status":"publish","type":"post","link":"http:\/\/revistaeco.cepcordoba.es\/index.php\/2010\/10\/05\/bibliotecas-escolares-en-portugal\/","title":{"rendered":"BIBLIOTECAS ESCOLARES EN PORTUGAL."},"content":{"rendered":"<h4><span style=\"color: #800000; font-size: 12pt; font-family: arial, helvetica, sans-serif;\"><strong>AUTOR:<\/strong><\/span><\/h4>\n<p><span style=\"font-size: 14pt;\"><strong><span style=\"font-family: arial, helvetica, sans-serif;\">Carlos Pinheiro<\/span><\/strong><\/span><\/p>\n<p><span style=\"font-size: 12pt; font-family: arial, helvetica, sans-serif;\">Escola EB 2,3 Padre Alberto Neto, Rio Mouro (Portugal)<\/span><\/p>\n<p><strong><span style=\"font-size: 12pt; font-family: arial, helvetica, sans-serif; color: #000080;\"><a style=\"color: #000080;\" href=\"mailto:carlos.pinheiro@netcabo.pt\">carlos.pinheiro@netcabo.pt<\/a><\/span><\/strong><\/p>\n<p>&nbsp;<\/p>\n<p><span style=\"font-size: 12pt; font-family: arial, helvetica, sans-serif;\">Art\u00edculo biling\u00fce en versiones portuguesa y espa\u00f1ola.<\/span><\/p>\n<h4 class=\"western\" align=\"justify\"><span style=\"color: #800000; font-family: arial, helvetica, sans-serif;\"><b>Resumen<\/b><\/span><\/h4>\n<p class=\"western\" align=\"justify\"><span style=\"font-family: arial, helvetica, sans-serif;\"><span style=\"color: #4a474b;\"><span style=\"font-size: medium;\">Las bibliotecas escolares portuguesas han experimentado en la \u00faltima d\u00e9cada una gran transformaci\u00f3n resultado del desarrollo de la <\/span><\/span><em><span style=\"color: #4a474b;\"><span style=\"font-size: medium;\">Rede de Bibliotecas Escolares<\/span><\/span><\/em><span style=\"color: #4a474b;\"><span style=\"font-size: medium;\"> (Red de Bibliotecas Escolares, RBE) y la consecuente inversi\u00f3n en la mejora de los espacios, la adquisici\u00f3n de mobiliario adecuado, fondo documental y formaci\u00f3n de recursos humanos. En 2009, con la integraci\u00f3n en la Red de todas las bibliotecas de las escuelas secundarias y del 2\u00ba y 3er ciclos, as\u00ed como con la creaci\u00f3n del cargo de profesor bibliotecario, termin\u00f3 un ciclo de desarrollo y se inici\u00f3 otro de consolidaci\u00f3n con el que se pretende una afirmaci\u00f3n de las bibliotecas escolares como estructuras fundamentales de los Centros, capaces de liderar los procesos de innovaci\u00f3n y de dinamizar actividades de ense\u00f1anza y aprendizaje de sus usuarios.<\/span><\/span><\/span><\/p>\n<p>&nbsp;<\/p>\n<h4><span style=\"color: #800000; font-size: 12pt; font-family: arial, helvetica, sans-serif;\"><strong>Resumo<\/strong><\/span><\/h4>\n<p style=\"text-align: justify;\"><span style=\"font-size: 12pt;\">As bibliotecas escolares portuguesas sofreram na \u00faltima d\u00e9cada uma grande transforma\u00e7\u00e3o, resultante da cria\u00e7\u00e3o da Rede de Bibliotecas Escolares e posterior investimento na qualifica\u00e7\u00e3o dos espa\u00e7os, na aquisi\u00e7\u00e3o de mobili\u00e1rio adequado e fundo documental e na forma\u00e7\u00e3o de recursos humanos. Em 2009, com a integra\u00e7\u00e3o na rede de todas as bibliotecas das escolas secund\u00e1rias e do 2.\u00ba e 3.\u00ba ciclos e com a cria\u00e7\u00e3o do cargo de professor bibliotec\u00e1rio, fechou-se um ciclo de desenvolvimento e iniciou-se outro de consolida\u00e7\u00e3o, que se pretende de afirma\u00e7\u00e3o das bibliotecas escolares como estruturas fundamentais das escolas, capazes de liderar processos de inova\u00e7\u00e3o e de dinamizar actividades formativas e de aprendizagem junto dos seus utilizadores.<\/span><\/p>\n<p><span style=\"font-size: 12pt;\"><strong>Palavras-chave:<\/strong> bibliotecas escolares, Portugal, rede, professor bibliotec\u00e1rio, auto-avalia\u00e7\u00e3o<\/span><\/p>\n<p>&nbsp;<\/p>\n<p><a href=\"http:\/\/revistaeco.cepcordoba.es\/wp-content\/uploads\/2018\/06\/Pinheiro.pdf\"><img loading=\"lazy\" decoding=\"async\" class=\"aligncenter wp-image-2986 size-medium\" src=\"http:\/\/revistaeco.cepcordoba.es\/wp-content\/uploads\/2018\/05\/revistaCEP_numero7_portada_descarga-212x300.png\" alt=\"\" width=\"212\" height=\"300\" srcset=\"http:\/\/revistaeco.cepcordoba.es\/wp-content\/uploads\/2018\/05\/revistaCEP_numero7_portada_descarga-212x300.png 212w, http:\/\/revistaeco.cepcordoba.es\/wp-content\/uploads\/2018\/05\/revistaCEP_numero7_portada_descarga-768x1086.png 768w, http:\/\/revistaeco.cepcordoba.es\/wp-content\/uploads\/2018\/05\/revistaCEP_numero7_portada_descarga-724x1024.png 724w, http:\/\/revistaeco.cepcordoba.es\/wp-content\/uploads\/2018\/05\/revistaCEP_numero7_portada_descarga.png 794w\" sizes=\"auto, (max-width: 212px) 100vw, 212px\" \/><\/a><\/p>\n<p>&nbsp;<\/p>\n<p style=\"text-align: justify;\">\n","protected":false},"excerpt":{"rendered":"<p>AUTOR<br \/>\nCarlos Pinheiro<\/p>\n<p>Resumen<br \/>\nLas bibliotecas escolares portuguesas han experimentado en la \u00faltima d\u00e9cada una gran transformaci\u00f3n resultado del desarrollo de la Rede de Bibliotecas Escolares (Red de Bibliotecas Escolares, RBE) y la consecuente inversi\u00f3n en la mejora de los espacios, la adquisici\u00f3n de mobiliario adecuado, fondo documental y formaci\u00f3n de recursos humanos. En 2009, con la integraci\u00f3n en la Red de todas las bibliotecas de las escuelas secundarias y del 2\u00ba y 3er ciclos, as\u00ed como con la creaci\u00f3n del cargo de profesor bibliotecario, termin\u00f3 un ciclo de desarrollo y se inici\u00f3 otro de consolidaci\u00f3n con el que se pretende una afirmaci\u00f3n de las bibliotecas escolares como estructuras fundamentales de los Centros, capaces de liderar los procesos de innovaci\u00f3n y de dinamizar actividades de ense\u00f1anza y aprendizaje de sus usuarios.<\/p><p><a class=\"more-link btn\" href=\"http:\/\/revistaeco.cepcordoba.es\/index.php\/2010\/10\/05\/bibliotecas-escolares-en-portugal\/\">Seguir leyendo<\/a><\/p>\n","protected":false},"author":1,"featured_media":0,"comment_status":"open","ping_status":"open","sticky":false,"template":"","format":"standard","meta":{"jetpack_post_was_ever_published":false,"_jetpack_newsletter_access":"","_jetpack_dont_email_post_to_subs":false,"_jetpack_newsletter_tier_id":0,"_jetpack_memberships_contains_paywalled_content":false,"_jetpack_memberships_contains_paid_content":false,"footnotes":"","jetpack_publicize_message":"","jetpack_publicize_feature_enabled":true,"jetpack_social_post_already_shared":false,"jetpack_social_options":{"image_generator_settings":{"template":"highway","default_image_id":0,"font":"","enabled":false},"version":2}},"categories":[15],"tags":[461,449,458,460,459],"class_list":["post-187","post","type-post","status-publish","format-standard","hentry","category-monografico","tag-autoevaluacion","tag-bibliotecas-escolares","tag-portugal","tag-profesor-bibliotecario","tag-red","nodate","item-wrap"],"jetpack_publicize_connections":[],"jetpack_featured_media_url":"","jetpack_sharing_enabled":true,"jetpack_shortlink":"https:\/\/wp.me\/p8j08t-31","_links":{"self":[{"href":"http:\/\/revistaeco.cepcordoba.es\/index.php\/wp-json\/wp\/v2\/posts\/187","targetHints":{"allow":["GET"]}}],"collection":[{"href":"http:\/\/revistaeco.cepcordoba.es\/index.php\/wp-json\/wp\/v2\/posts"}],"about":[{"href":"http:\/\/revistaeco.cepcordoba.es\/index.php\/wp-json\/wp\/v2\/types\/post"}],"author":[{"embeddable":true,"href":"http:\/\/revistaeco.cepcordoba.es\/index.php\/wp-json\/wp\/v2\/users\/1"}],"replies":[{"embeddable":true,"href":"http:\/\/revistaeco.cepcordoba.es\/index.php\/wp-json\/wp\/v2\/comments?post=187"}],"version-history":[{"count":7,"href":"http:\/\/revistaeco.cepcordoba.es\/index.php\/wp-json\/wp\/v2\/posts\/187\/revisions"}],"predecessor-version":[{"id":3061,"href":"http:\/\/revistaeco.cepcordoba.es\/index.php\/wp-json\/wp\/v2\/posts\/187\/revisions\/3061"}],"wp:attachment":[{"href":"http:\/\/revistaeco.cepcordoba.es\/index.php\/wp-json\/wp\/v2\/media?parent=187"}],"wp:term":[{"taxonomy":"category","embeddable":true,"href":"http:\/\/revistaeco.cepcordoba.es\/index.php\/wp-json\/wp\/v2\/categories?post=187"},{"taxonomy":"post_tag","embeddable":true,"href":"http:\/\/revistaeco.cepcordoba.es\/index.php\/wp-json\/wp\/v2\/tags?post=187"}],"curies":[{"name":"wp","href":"https:\/\/api.w.org\/{rel}","templated":true}]}}