{"id":198,"date":"2010-10-05T10:34:10","date_gmt":"2010-10-05T10:34:10","guid":{"rendered":"http:\/\/revistaeco.cepcordoba.es\/index.php\/2010\/10\/05\/el-plan-lyb-en-la-provincia-de-cordoba\/"},"modified":"2018-06-08T11:58:32","modified_gmt":"2018-06-08T10:58:32","slug":"el-plan-lyb-en-la-provincia-de-cordoba","status":"publish","type":"post","link":"http:\/\/revistaeco.cepcordoba.es\/index.php\/2010\/10\/05\/el-plan-lyb-en-la-provincia-de-cordoba\/","title":{"rendered":"EL PLAN LyB EN LA PROVINCIA DE C\u00d3RDOBA."},"content":{"rendered":"<h4><span style=\"color: #800000; font-size: 12pt; font-family: arial, helvetica, sans-serif;\"><strong>AUTOR:<\/strong><\/span><\/h4>\n<p><span style=\"font-size: 14pt;\"><strong><span style=\"font-family: arial, helvetica, sans-serif;\">Jos\u00e9 Antonio Ruiz Delgado<\/span><\/strong><\/span><\/p>\n<p><span style=\"font-size: 12pt; font-family: arial, helvetica, sans-serif;\">Coordinador del Plan de Lectura y Bibliotecas Escolares de la Provincia de C\u00f3rdoba<\/span><\/p>\n<p><span style=\"font-size: 12pt; font-family: arial, helvetica, sans-serif;\">Delegaci\u00f3n Provincial de Educaci\u00f3n de\u00a0<\/span><span style=\"font-size: 12pt; font-family: arial, helvetica, sans-serif;\">C\u00f3rdoba<\/span><\/p>\n<p><span style=\"font-size: 12pt; font-family: arial, helvetica, sans-serif; color: #003366;\">josea.ruiz.delgado.ext@juntadeandalucia.es<\/span><\/p>\n<p><span style=\"font-size: 12pt; font-family: arial, helvetica, sans-serif;\">\u00a0<\/span><\/p>\n<h4><span style=\"color: #800000; font-size: 12pt; font-family: arial, helvetica, sans-serif;\"><strong>Resumen<\/strong><\/span><\/h4>\n<p style=\"text-align: justify;\"><span style=\"font-size: 12pt; font-family: arial, helvetica, sans-serif;\">A partir de la aprobaci\u00f3n de la LOE, el Plan de Lectura y Bibliotecas de la Junta de Andaluc\u00eda, aprobado en 2007, ha proporcionado un impulso importante a las bibliotecas escolares de la Comunidad Aut\u00f3noma Andaluza. En la Provincia de C\u00f3rdoba, la generalizaci\u00f3n de los proyectos lectores puestos en marcha por los centros a partir de la aprobaci\u00f3n del referido Plan LyB ha supuesto el inicio de un camino que tiene como objetivo \u00faltimo la coordinaci\u00f3n de todos los agentes que intervienen en el desarrollo de la competencia comunicativa y la integraci\u00f3n de la biblioteca en el proceso de ense\u00f1anza y aprendizaje.<\/span><\/p>\n<p>&nbsp;<\/p>\n<p><a href=\"http:\/\/revistaeco.cepcordoba.es\/wp-content\/uploads\/2018\/06\/RuizDelgado.pdf\"><img loading=\"lazy\" decoding=\"async\" class=\"aligncenter wp-image-2986 size-medium\" src=\"http:\/\/revistaeco.cepcordoba.es\/wp-content\/uploads\/2018\/05\/revistaCEP_numero7_portada_descarga-212x300.png\" alt=\"\" width=\"212\" height=\"300\" srcset=\"http:\/\/revistaeco.cepcordoba.es\/wp-content\/uploads\/2018\/05\/revistaCEP_numero7_portada_descarga-212x300.png 212w, http:\/\/revistaeco.cepcordoba.es\/wp-content\/uploads\/2018\/05\/revistaCEP_numero7_portada_descarga-768x1086.png 768w, http:\/\/revistaeco.cepcordoba.es\/wp-content\/uploads\/2018\/05\/revistaCEP_numero7_portada_descarga-724x1024.png 724w, http:\/\/revistaeco.cepcordoba.es\/wp-content\/uploads\/2018\/05\/revistaCEP_numero7_portada_descarga.png 794w\" sizes=\"auto, (max-width: 212px) 100vw, 212px\" \/><\/a><\/p>\n","protected":false},"excerpt":{"rendered":"<p>AUTOR<br \/>\nJos\u00e9 Antonio Ruiz Delgado<\/p>\n<p>Resumen<br \/>\nA partir de la aprobaci\u00f3n de la LOE, el Plan de Lectura y Bibliotecas de la Junta de Andaluc\u00eda, aprobado en 2007, ha proporcionado un impulso importante a las bibliotecas escolares de la Comunidad Aut\u00f3noma Andaluza. En la Provincia de C\u00f3rdoba, la generalizaci\u00f3n de los proyectos lectores puestos en marcha por los centros a partir de la aprobaci\u00f3n del referido Plan LyB ha supuesto el inicio de un camino que tiene como objetivo \u00faltimo la coordinaci\u00f3n de todos los agentes que intervienen en el desarrollo de la competencia comunicativa y la integraci\u00f3n de la biblioteca en el proceso de ense\u00f1anza y aprendizaje.<\/p><p><a class=\"more-link btn\" href=\"http:\/\/revistaeco.cepcordoba.es\/index.php\/2010\/10\/05\/el-plan-lyb-en-la-provincia-de-cordoba\/\">Seguir leyendo<\/a><\/p>\n","protected":false},"author":1,"featured_media":0,"comment_status":"open","ping_status":"open","sticky":false,"template":"","format":"standard","meta":{"jetpack_post_was_ever_published":false,"_jetpack_newsletter_access":"","_jetpack_dont_email_post_to_subs":false,"_jetpack_newsletter_tier_id":0,"_jetpack_memberships_contains_paywalled_content":false,"_jetpack_memberships_contains_paid_content":false,"footnotes":"","jetpack_publicize_message":"","jetpack_publicize_feature_enabled":true,"jetpack_social_post_already_shared":false,"jetpack_social_options":{"image_generator_settings":{"template":"highway","default_image_id":0,"font":"","enabled":false},"version":2}},"categories":[15],"tags":[449,456,272,457],"class_list":["post-198","post","type-post","status-publish","format-standard","hentry","category-monografico","tag-bibliotecas-escolares","tag-competencia-comunicativa","tag-lectura","tag-plan-lyb","nodate","item-wrap"],"jetpack_publicize_connections":[],"jetpack_featured_media_url":"","jetpack_sharing_enabled":true,"jetpack_shortlink":"https:\/\/wp.me\/p8j08t-3c","_links":{"self":[{"href":"http:\/\/revistaeco.cepcordoba.es\/index.php\/wp-json\/wp\/v2\/posts\/198","targetHints":{"allow":["GET"]}}],"collection":[{"href":"http:\/\/revistaeco.cepcordoba.es\/index.php\/wp-json\/wp\/v2\/posts"}],"about":[{"href":"http:\/\/revistaeco.cepcordoba.es\/index.php\/wp-json\/wp\/v2\/types\/post"}],"author":[{"embeddable":true,"href":"http:\/\/revistaeco.cepcordoba.es\/index.php\/wp-json\/wp\/v2\/users\/1"}],"replies":[{"embeddable":true,"href":"http:\/\/revistaeco.cepcordoba.es\/index.php\/wp-json\/wp\/v2\/comments?post=198"}],"version-history":[{"count":4,"href":"http:\/\/revistaeco.cepcordoba.es\/index.php\/wp-json\/wp\/v2\/posts\/198\/revisions"}],"predecessor-version":[{"id":2222,"href":"http:\/\/revistaeco.cepcordoba.es\/index.php\/wp-json\/wp\/v2\/posts\/198\/revisions\/2222"}],"wp:attachment":[{"href":"http:\/\/revistaeco.cepcordoba.es\/index.php\/wp-json\/wp\/v2\/media?parent=198"}],"wp:term":[{"taxonomy":"category","embeddable":true,"href":"http:\/\/revistaeco.cepcordoba.es\/index.php\/wp-json\/wp\/v2\/categories?post=198"},{"taxonomy":"post_tag","embeddable":true,"href":"http:\/\/revistaeco.cepcordoba.es\/index.php\/wp-json\/wp\/v2\/tags?post=198"}],"curies":[{"name":"wp","href":"https:\/\/api.w.org\/{rel}","templated":true}]}}