{"id":210,"date":"2010-10-13T12:09:32","date_gmt":"2010-10-13T12:09:32","guid":{"rendered":"http:\/\/revistaeco.cepcordoba.es\/index.php\/2010\/10\/13\/estudio-sobre-las-relaciones-de-pareja-en-el-alumnado-del-ies-seneca\/"},"modified":"2018-05-30T06:48:18","modified_gmt":"2018-05-30T05:48:18","slug":"estudio-sobre-las-relaciones-de-pareja-en-el-alumnado-del-ies-seneca","status":"publish","type":"post","link":"http:\/\/revistaeco.cepcordoba.es\/index.php\/2010\/10\/13\/estudio-sobre-las-relaciones-de-pareja-en-el-alumnado-del-ies-seneca\/","title":{"rendered":"ESTUDIO SOBRE LAS RELACIONES DE PAREJA EN EL ALUMNADO DEL IES S\u00c9NECA."},"content":{"rendered":"<h4><span style=\"color: #800000; font-size: 12pt; font-family: arial, helvetica, sans-serif;\"><strong>AUTORES\/AS:<\/strong><\/span><\/h4>\n<p><span style=\"font-family: arial, helvetica, sans-serif; font-size: 14pt;\"><strong>Buensuceso Hidalgo Morillo<\/strong><\/span><\/p>\n<p><span style=\"font-family: arial, helvetica, sans-serif; font-size: 14pt;\"><strong>Magdalena Cord\u00f3n Mu\u00f1oz<\/strong><\/span><\/p>\n<p><span style=\"font-family: arial, helvetica, sans-serif; font-size: 14pt;\"><strong>Jorge Gonz\u00e1lez N\u00fa\u00f1ez<\/strong><\/span><\/p>\n<p><span style=\"font-family: arial, helvetica, sans-serif; font-size: 14pt;\"><strong>Remedios Barea S\u00e1nchez<\/strong><\/span><\/p>\n<p><span style=\"font-family: arial, helvetica, sans-serif; font-size: 14pt;\"><strong>Asunci\u00f3n C\u00f3rdoba Bujalance<\/strong><\/span><\/p>\n<h4><\/h4>\n<h4 style=\"margin-top: 0.42cm; margin-bottom: 0.21cm; page-break-after: avoid;\"><span style=\"color: #800000; font-size: 12pt;\"><span style=\"font-family: Arial,sans-serif;\"><strong>Resumen<\/strong><\/span><\/span><\/h4>\n<p style=\"margin-top: 0.42cm; margin-bottom: 0.21cm; break-after: avoid; text-align: justify;\"><span style=\"font-family: Arial, sans-serif; font-size: 12pt;\">El objeto del presente trabajo es conocer las relaciones de pareja en el contexto del IES S\u00e9neca en el alumnado de 2\u00ba ciclo de ESO y Bachillerato durante el curso acad\u00e9mico 2009-10 . Para la investigaci\u00f3n se utiliz\u00f3 un cuestionario compuesto por 22 preguntas que abarcaban todas las variables planteadas en el estudio. Como conclusiones m\u00e1s relevantes se aprecia que en el centro no existen indicios de malos tratos en las relaciones de pareja, si bien se observan diferencias significativas en algunas variables.<\/span><\/p>\n<p>&nbsp;<\/p>\n<p><a href=\"http:\/\/revistaeco.cepcordoba.es\/wp-content\/uploads\/2018\/05\/Hidalgo-1.pdf\"><img loading=\"lazy\" decoding=\"async\" class=\"aligncenter wp-image-2986 size-medium\" src=\"http:\/\/revistaeco.cepcordoba.es\/wp-content\/uploads\/2018\/05\/revistaCEP_numero7_portada_descarga-212x300.png\" alt=\"\" width=\"212\" height=\"300\" srcset=\"http:\/\/revistaeco.cepcordoba.es\/wp-content\/uploads\/2018\/05\/revistaCEP_numero7_portada_descarga-212x300.png 212w, http:\/\/revistaeco.cepcordoba.es\/wp-content\/uploads\/2018\/05\/revistaCEP_numero7_portada_descarga-768x1086.png 768w, http:\/\/revistaeco.cepcordoba.es\/wp-content\/uploads\/2018\/05\/revistaCEP_numero7_portada_descarga-724x1024.png 724w, http:\/\/revistaeco.cepcordoba.es\/wp-content\/uploads\/2018\/05\/revistaCEP_numero7_portada_descarga.png 794w\" sizes=\"auto, (max-width: 212px) 100vw, 212px\" \/><\/a><\/p>\n","protected":false},"excerpt":{"rendered":"<p>AUTORES\/AS<br \/>\nBuensuceso Hidalgo Morillo<br \/>\nMagdalena Cord\u00f3n Mu\u00f1oz<br \/>\nJorge Gonz\u00e1lez N\u00fa\u00f1ez<br \/>\nRemedios Barea, S\u00e1nchez<br \/>\nAsunci\u00f3n C\u00f3rdoba Bujalance<br \/>\nResumen<\/p>\n<p>El objeto del presente trabajo es conocer las relaciones de pareja en el contexto del IES S\u00e9neca en el alumnado de 2\u00ba ciclo de ESO y Bachillerato durante el curso acad\u00e9mico 2009-10 . Para la investigaci\u00f3n se utiliz\u00f3 un cuestionario compuesto por 22 preguntas que abarcaban todas las variables planteadas en el estudio. Como conclusiones m\u00e1s relevantes se aprecia que en el centro no existen indicios de malos tratos en las relaciones de pareja, si bien se observan diferencias significativas en algunas variables.<\/p><p><a class=\"more-link btn\" href=\"http:\/\/revistaeco.cepcordoba.es\/index.php\/2010\/10\/13\/estudio-sobre-las-relaciones-de-pareja-en-el-alumnado-del-ies-seneca\/\">Seguir leyendo<\/a><\/p>\n","protected":false},"author":1,"featured_media":0,"comment_status":"open","ping_status":"open","sticky":false,"template":"","format":"standard","meta":{"jetpack_post_was_ever_published":false,"_jetpack_newsletter_access":"","_jetpack_dont_email_post_to_subs":false,"_jetpack_newsletter_tier_id":0,"_jetpack_memberships_contains_paywalled_content":false,"_jetpack_memberships_contains_paid_content":false,"footnotes":"","jetpack_publicize_message":"","jetpack_publicize_feature_enabled":true,"jetpack_social_post_already_shared":false,"jetpack_social_options":{"image_generator_settings":{"template":"highway","default_image_id":0,"font":"","enabled":false},"version":2}},"categories":[12],"tags":[426,356,425],"class_list":["post-210","post","type-post","status-publish","format-standard","hentry","category-articulos","tag-ies-seneca","tag-investigacion-educativa","tag-relaciones-personales","nodate","item-wrap"],"jetpack_publicize_connections":[],"jetpack_featured_media_url":"","jetpack_sharing_enabled":true,"jetpack_shortlink":"https:\/\/wp.me\/p8j08t-3o","_links":{"self":[{"href":"http:\/\/revistaeco.cepcordoba.es\/index.php\/wp-json\/wp\/v2\/posts\/210","targetHints":{"allow":["GET"]}}],"collection":[{"href":"http:\/\/revistaeco.cepcordoba.es\/index.php\/wp-json\/wp\/v2\/posts"}],"about":[{"href":"http:\/\/revistaeco.cepcordoba.es\/index.php\/wp-json\/wp\/v2\/types\/post"}],"author":[{"embeddable":true,"href":"http:\/\/revistaeco.cepcordoba.es\/index.php\/wp-json\/wp\/v2\/users\/1"}],"replies":[{"embeddable":true,"href":"http:\/\/revistaeco.cepcordoba.es\/index.php\/wp-json\/wp\/v2\/comments?post=210"}],"version-history":[{"count":4,"href":"http:\/\/revistaeco.cepcordoba.es\/index.php\/wp-json\/wp\/v2\/posts\/210\/revisions"}],"predecessor-version":[{"id":3003,"href":"http:\/\/revistaeco.cepcordoba.es\/index.php\/wp-json\/wp\/v2\/posts\/210\/revisions\/3003"}],"wp:attachment":[{"href":"http:\/\/revistaeco.cepcordoba.es\/index.php\/wp-json\/wp\/v2\/media?parent=210"}],"wp:term":[{"taxonomy":"category","embeddable":true,"href":"http:\/\/revistaeco.cepcordoba.es\/index.php\/wp-json\/wp\/v2\/categories?post=210"},{"taxonomy":"post_tag","embeddable":true,"href":"http:\/\/revistaeco.cepcordoba.es\/index.php\/wp-json\/wp\/v2\/tags?post=210"}],"curies":[{"name":"wp","href":"https:\/\/api.w.org\/{rel}","templated":true}]}}