{"id":304,"date":"2011-06-17T09:00:03","date_gmt":"2011-06-17T09:00:03","guid":{"rendered":"http:\/\/revistaeco.cepcordoba.es\/index.php\/2011\/06\/17\/las-competencias-del-profesorado-en-el-siglo-xxi\/"},"modified":"2018-05-14T04:39:01","modified_gmt":"2018-05-14T03:39:01","slug":"las-competencias-del-profesorado-en-el-siglo-xxi","status":"publish","type":"post","link":"http:\/\/revistaeco.cepcordoba.es\/index.php\/2011\/06\/17\/las-competencias-del-profesorado-en-el-siglo-xxi\/","title":{"rendered":"LAS COMPETENCIAS DEL PROFESORADO EN EL SIGLO XXI."},"content":{"rendered":"<p style=\"text-align: justify;\"><span style=\"font-size: 12pt; font-family: arial, helvetica, sans-serif;\">Al preguntarnos qu\u00e9 competencias debe tener un docente para desempe\u00f1ar su trabajo en la actualidad, podr\u00edamos confeccionar un largo y completo listado de capacidades entre las que podr\u00edan estar las siguientes:<\/span><\/p>\n<p style=\"text-align: justify;\"><span style=\"font-size: 12pt; font-family: arial, helvetica, sans-serif;\">&#8211; Conocer el curr\u00edculo del \u00e1rea, \u00e1mbito y etapa en la que imparte docencia.<\/span><\/p>\n<p style=\"text-align: justify;\"><span style=\"font-size: 12pt; font-family: arial, helvetica, sans-serif;\">&#8211; Conocer y atender las caracter\u00edsticas de su alumnado.<\/span><\/p>\n<p style=\"text-align: justify;\"><span style=\"font-size: 12pt; font-family: arial, helvetica, sans-serif;\">&#8211; Manejar los recursos necesarios en el proceso de ense\u00f1anza y aprendizaje.<\/span><\/p>\n<p style=\"text-align: justify;\"><span style=\"font-size: 12pt; font-family: arial, helvetica, sans-serif;\">&#8211; Gestionar el aula en tiempo, espacio y metodolog\u00eda de manera que se convierta en un entorno educativo adecuado.<\/span><\/p>\n<p style=\"text-align: justify;\"><span style=\"font-size: 12pt; font-family: arial, helvetica, sans-serif;\">Pero si, como se\u00f1al\u00f3 Diana Toledo Figueroa (Analista de tareas Educativas de la OCDE) en su conferencia del 3 de junio en Sevilla en el Congreso , pensamos en aquella maestra o aquel maestro que dej\u00f3 una huella en nuestro camino, que influy\u00f3 en al menos una de nuestras decisiones o nos ayud\u00f3 de alguna manera a ser lo que hoy somos, entonces, seguro que estamos hablando de un docente con unas competencias profesionales que superan los requisitos m\u00ednimos exigidos y que le sit\u00faan en un nivel de excelencia, sin apenas tener en cuenta el cu\u00e1ndo, el d\u00f3nde, con qu\u00e9 contenidos o con qu\u00e9 recursos consigui\u00f3 que un d\u00eda aprendi\u00e9ramos con los cinco sentidos.<\/span><\/p>\n<p style=\"text-align: justify;\"><span style=\"font-size: 12pt; font-family: arial, helvetica, sans-serif;\">Mirando desde este siglo XXI, apenas iniciado, las ense\u00f1anzas recibidas en el siglo pasado, pensamos en los cambios producidos y siempre aparecen las tecnolog\u00edas de la informaci\u00f3n y la comunicaci\u00f3n que han modificado tanto la forma y el fondo de la gesti\u00f3n de los saberes, como las relaciones entre personas y su manera de comunicarse. Informaci\u00f3n y comunicaci\u00f3n, siguen siendo hoy, empaquetadas de manera diferente y con nuevas instrucciones, ejes de toda tarea educativa. En este sentido, el desarrollo de la competencia digital del profesorado, adaptada al vertiginoso avance tecnol\u00f3gico, se ha convertido en algo importante pero\u2026 \u00bfsupone en s\u00ed misma un paso hacia la excelencia? \u00bfO al recordar al profesorado que fue esencial en nuestra vida y por qu\u00e9 lo fue, se desvanecen casi por completo detalles como la pizarra, el libro, el proyector de diapositivas o el ordenador y se magnifican otros como la capacidad para motivarnos, la metodolog\u00eda, el control de la clase, el trabajo participativo, la manera de hablar, la sorpresa o la satisfacci\u00f3n por lo aprendido?<\/span><\/p>\n<p style=\"text-align: justify;\"><span style=\"font-size: 12pt; font-family: arial, helvetica, sans-serif;\">Si en algo m\u00e1s ha cambiado el mundo en estas \u00faltimas d\u00e9cadas ha sido haci\u00e9ndose peque\u00f1o, con grandes necesidades y facilidades de movimiento f\u00edsico y virtual, donde la competencia m\u00e1s \u00fatil es la capacidad de comunicaci\u00f3n y el aprendizaje de otras lenguas, que son hoy una herramienta imprescindible.<\/span><\/p>\n<p style=\"text-align: justify;\"><span style=\"font-size: 12pt; font-family: arial, helvetica, sans-serif;\">En este nuevo perfil docente, que en lo fundamental no es tan nuevo, la formaci\u00f3n debe ayudar al desarrollo de las citadas competencias profesionales e impulsar proyectos que permitan al profesorado resolver con \u00e9xito los retos que plantea la escuela. La identificaci\u00f3n de las mejores pr\u00e1cticas, de docentes y centros con un alto nivel de competencia y que \u00e9stos sean referentes para otros, debe ser una de nuestras metas.<\/span><\/p>\n<p style=\"text-align: justify;\"><span style=\"font-size: 12pt; font-family: arial, helvetica, sans-serif;\">Poniendo un granito de arena en la competencia digital y ling\u00fc\u00edstica del profesorado, , la revista digital e-CO ofrece desde el CEP la posibilidad de comunicarse a trav\u00e9s de la red y dedica el monogr\u00e1fico de su n\u00ba8 al Pluriling\u00fcismo, una de las l\u00edneas prioritarias de la educaci\u00f3n en los \u00faltimos a\u00f1os y un objetivo al que la formaci\u00f3n permanente ha dedicado grandes esfuerzos.<\/span><\/p>\n<p style=\"text-align: justify;\"><span style=\"font-size: 12pt; font-family: arial, helvetica, sans-serif;\">Os invitamos a pasear por este nuevo ejemplar de e-CO agradeciendo la participaci\u00f3n de todas las personas que lo han hecho posible.<\/span><\/p>\n<p><a href=\"http:\/\/revistaeco.cepcordoba.es\/wp-content\/uploads\/2018\/05\/Editorial.pdf\"><img loading=\"lazy\" decoding=\"async\" class=\"aligncenter wp-image-2870 size-medium\" src=\"http:\/\/revistaeco.cepcordoba.es\/wp-content\/uploads\/2018\/05\/revistaCEP_numero8_portada-212x300.png\" alt=\"\" width=\"212\" height=\"300\" srcset=\"http:\/\/revistaeco.cepcordoba.es\/wp-content\/uploads\/2018\/05\/revistaCEP_numero8_portada-212x300.png 212w, http:\/\/revistaeco.cepcordoba.es\/wp-content\/uploads\/2018\/05\/revistaCEP_numero8_portada-768x1086.png 768w, http:\/\/revistaeco.cepcordoba.es\/wp-content\/uploads\/2018\/05\/revistaCEP_numero8_portada-724x1024.png 724w, http:\/\/revistaeco.cepcordoba.es\/wp-content\/uploads\/2018\/05\/revistaCEP_numero8_portada.png 794w\" sizes=\"auto, (max-width: 212px) 100vw, 212px\" \/><\/a><\/p>\n","protected":false},"excerpt":{"rendered":"<p>Editorial<\/p><p><a class=\"more-link btn\" href=\"http:\/\/revistaeco.cepcordoba.es\/index.php\/2011\/06\/17\/las-competencias-del-profesorado-en-el-siglo-xxi\/\">Seguir leyendo<\/a><\/p>\n","protected":false},"author":1,"featured_media":0,"comment_status":"open","ping_status":"open","sticky":false,"template":"","format":"standard","meta":{"jetpack_post_was_ever_published":false,"_jetpack_newsletter_access":"","_jetpack_dont_email_post_to_subs":false,"_jetpack_newsletter_tier_id":0,"_jetpack_memberships_contains_paywalled_content":false,"_jetpack_memberships_contains_paid_content":false,"footnotes":"","jetpack_publicize_message":"","jetpack_publicize_feature_enabled":true,"jetpack_social_post_already_shared":false,"jetpack_social_options":{"image_generator_settings":{"template":"highway","default_image_id":0,"font":"","enabled":false},"version":2}},"categories":[396],"tags":[49],"class_list":["post-304","post","type-post","status-publish","format-standard","hentry","category-editorial-e-co-numero-8","tag-editorial","nodate","item-wrap"],"jetpack_publicize_connections":[],"jetpack_featured_media_url":"","jetpack_sharing_enabled":true,"jetpack_shortlink":"https:\/\/wp.me\/p8j08t-4U","_links":{"self":[{"href":"http:\/\/revistaeco.cepcordoba.es\/index.php\/wp-json\/wp\/v2\/posts\/304","targetHints":{"allow":["GET"]}}],"collection":[{"href":"http:\/\/revistaeco.cepcordoba.es\/index.php\/wp-json\/wp\/v2\/posts"}],"about":[{"href":"http:\/\/revistaeco.cepcordoba.es\/index.php\/wp-json\/wp\/v2\/types\/post"}],"author":[{"embeddable":true,"href":"http:\/\/revistaeco.cepcordoba.es\/index.php\/wp-json\/wp\/v2\/users\/1"}],"replies":[{"embeddable":true,"href":"http:\/\/revistaeco.cepcordoba.es\/index.php\/wp-json\/wp\/v2\/comments?post=304"}],"version-history":[{"count":6,"href":"http:\/\/revistaeco.cepcordoba.es\/index.php\/wp-json\/wp\/v2\/posts\/304\/revisions"}],"predecessor-version":[{"id":2071,"href":"http:\/\/revistaeco.cepcordoba.es\/index.php\/wp-json\/wp\/v2\/posts\/304\/revisions\/2071"}],"wp:attachment":[{"href":"http:\/\/revistaeco.cepcordoba.es\/index.php\/wp-json\/wp\/v2\/media?parent=304"}],"wp:term":[{"taxonomy":"category","embeddable":true,"href":"http:\/\/revistaeco.cepcordoba.es\/index.php\/wp-json\/wp\/v2\/categories?post=304"},{"taxonomy":"post_tag","embeddable":true,"href":"http:\/\/revistaeco.cepcordoba.es\/index.php\/wp-json\/wp\/v2\/tags?post=304"}],"curies":[{"name":"wp","href":"https:\/\/api.w.org\/{rel}","templated":true}]}}