{"id":314,"date":"2011-10-17T08:35:50","date_gmt":"2011-10-17T08:35:50","guid":{"rendered":"http:\/\/revistaeco.cepcordoba.es\/index.php\/2011\/10\/17\/ensenanza-de-las-ciencias-y-formacion-permanente-para-su-profesorado-de-secundaria\/"},"modified":"2018-05-04T02:51:53","modified_gmt":"2018-05-04T01:51:53","slug":"ensenanza-de-las-ciencias-y-formacion-permanente-para-su-profesorado-de-secundaria","status":"publish","type":"post","link":"http:\/\/revistaeco.cepcordoba.es\/index.php\/2011\/10\/17\/ensenanza-de-las-ciencias-y-formacion-permanente-para-su-profesorado-de-secundaria\/","title":{"rendered":"ENSE\u00d1ANZA DE LAS CIENCIAS Y FORMACI\u00d3N PERMANENTE PARA SU PROFESORADO DE SECUNDARIA."},"content":{"rendered":"<h4 style=\"text-align: justify;\"><span style=\"font-size: 12pt;\"><span style=\"font-family: arial,helvetica,sans-serif;\"><strong>AUTORA<\/strong><\/span><\/span><\/h4>\n<p style=\"text-align: justify;\"><span style=\"font-size: 12pt;\"><span style=\"font-family: arial,helvetica,sans-serif;\"><span style=\"font-size: 14pt;\"><strong>Teresa Lupi\u00f3n Cobos<\/strong><\/span><br \/>\nCentro del Profesorado de M\u00e1laga.<br \/>\nDpto. Did\u00e1ctica de la Matem\u00e1tica, de las CC. Sociales y de las CC. Experimentales. UMA.<\/span><\/span><\/p>\n<h4 style=\"text-align: justify;\"><span style=\"font-size: 12pt;\"><span style=\"font-family: arial,helvetica,sans-serif;\"><strong>Resumen<\/strong><\/span><\/span><\/h4>\n<p style=\"text-align: justify;\"><span style=\"font-size: 12pt;\"><span style=\"font-family: arial,helvetica,sans-serif;\">En el presente art\u00edculo la autora repasa los nuevos retos que se plantean al profesorado de ciencias derivados fundamentalmente de la incorporaci\u00f3n de las competencias b\u00e1sicas a los curr\u00edculos proponiendo, por una parte, respuestas a cuestiones como son: \u00bfPor qu\u00e9 hay que ense\u00f1ar ciencias?, \u00bfqu\u00e9 ciencia debemos ense\u00f1ar? o, \u00bfc\u00f3mo debemos hacerlo? y, por otra, las claves para que han de tenerse en cuenta en el proceso de formaci\u00f3n del profesorado de ciencias.<\/span><\/span><\/p>\n<p><a href=\"http:\/\/revistaeco.cepcordoba.es\/wp-content\/uploads\/2018\/05\/Lupion09.pdf\"><img loading=\"lazy\" decoding=\"async\" class=\"aligncenter wp-image-2757 size-medium\" src=\"http:\/\/revistaeco.cepcordoba.es\/wp-content\/uploads\/2018\/04\/revistaCEP_numero9_ciencicas_portada_DESCARGA-212x300.png\" alt=\"\" width=\"212\" height=\"300\" srcset=\"http:\/\/revistaeco.cepcordoba.es\/wp-content\/uploads\/2018\/04\/revistaCEP_numero9_ciencicas_portada_DESCARGA-212x300.png 212w, http:\/\/revistaeco.cepcordoba.es\/wp-content\/uploads\/2018\/04\/revistaCEP_numero9_ciencicas_portada_DESCARGA-768x1086.png 768w, http:\/\/revistaeco.cepcordoba.es\/wp-content\/uploads\/2018\/04\/revistaCEP_numero9_ciencicas_portada_DESCARGA-724x1024.png 724w, http:\/\/revistaeco.cepcordoba.es\/wp-content\/uploads\/2018\/04\/revistaCEP_numero9_ciencicas_portada_DESCARGA.png 794w\" sizes=\"auto, (max-width: 212px) 100vw, 212px\" \/><\/a><\/p>\n","protected":false},"excerpt":{"rendered":"<p>Autora<br \/>\nTeresa Lupi\u00f3n Cobos<br \/>\nResumen<br \/>\nEn el presente art\u00edculo la autora repasa los nuevos retos que se plantean al profesorado de ciencias derivados fundamentalmente de la incorporaci\u00f3n de las competencias b\u00e1sicas a los curr\u00edculos proponiendo, por una parte, respuestas a cuestiones como son: \u00bfPor qu\u00e9 hay que ense\u00f1ar ciencias?, \u00bfqu\u00e9 ciencia debemos ense\u00f1ar? o, \u00bfc\u00f3mo debemos hacerlo? y, por otra, las claves para que han de tenerse en cuenta en el proceso de formaci\u00f3n del profesorado de ciencias.<\/p><p><a class=\"more-link btn\" href=\"http:\/\/revistaeco.cepcordoba.es\/index.php\/2011\/10\/17\/ensenanza-de-las-ciencias-y-formacion-permanente-para-su-profesorado-de-secundaria\/\">Seguir leyendo<\/a><\/p>\n","protected":false},"author":1,"featured_media":0,"comment_status":"open","ping_status":"open","sticky":false,"template":"","format":"standard","meta":{"jetpack_post_was_ever_published":false,"_jetpack_newsletter_access":"","_jetpack_dont_email_post_to_subs":false,"_jetpack_newsletter_tier_id":0,"_jetpack_memberships_contains_paywalled_content":false,"_jetpack_memberships_contains_paid_content":false,"footnotes":"","jetpack_publicize_message":"","jetpack_publicize_feature_enabled":true,"jetpack_social_post_already_shared":false,"jetpack_social_options":{"image_generator_settings":{"template":"highway","default_image_id":0,"font":"","enabled":false},"version":2}},"categories":[22],"tags":[349,131],"class_list":["post-314","post","type-post","status-publish","format-standard","hentry","category-monografico-e-co-numero-9","tag-ensenanza-de-las-ciencias","tag-formacion-del-profesorado","nodate","item-wrap"],"jetpack_publicize_connections":[],"jetpack_featured_media_url":"","jetpack_sharing_enabled":true,"jetpack_shortlink":"https:\/\/wp.me\/p8j08t-54","_links":{"self":[{"href":"http:\/\/revistaeco.cepcordoba.es\/index.php\/wp-json\/wp\/v2\/posts\/314","targetHints":{"allow":["GET"]}}],"collection":[{"href":"http:\/\/revistaeco.cepcordoba.es\/index.php\/wp-json\/wp\/v2\/posts"}],"about":[{"href":"http:\/\/revistaeco.cepcordoba.es\/index.php\/wp-json\/wp\/v2\/types\/post"}],"author":[{"embeddable":true,"href":"http:\/\/revistaeco.cepcordoba.es\/index.php\/wp-json\/wp\/v2\/users\/1"}],"replies":[{"embeddable":true,"href":"http:\/\/revistaeco.cepcordoba.es\/index.php\/wp-json\/wp\/v2\/comments?post=314"}],"version-history":[{"count":3,"href":"http:\/\/revistaeco.cepcordoba.es\/index.php\/wp-json\/wp\/v2\/posts\/314\/revisions"}],"predecessor-version":[{"id":2808,"href":"http:\/\/revistaeco.cepcordoba.es\/index.php\/wp-json\/wp\/v2\/posts\/314\/revisions\/2808"}],"wp:attachment":[{"href":"http:\/\/revistaeco.cepcordoba.es\/index.php\/wp-json\/wp\/v2\/media?parent=314"}],"wp:term":[{"taxonomy":"category","embeddable":true,"href":"http:\/\/revistaeco.cepcordoba.es\/index.php\/wp-json\/wp\/v2\/categories?post=314"},{"taxonomy":"post_tag","embeddable":true,"href":"http:\/\/revistaeco.cepcordoba.es\/index.php\/wp-json\/wp\/v2\/tags?post=314"}],"curies":[{"name":"wp","href":"https:\/\/api.w.org\/{rel}","templated":true}]}}