{"id":3248,"date":"2019-05-02T03:56:38","date_gmt":"2019-05-02T02:56:38","guid":{"rendered":"http:\/\/revistaeco.cepcordoba.es\/?p=3248"},"modified":"2019-05-03T10:37:24","modified_gmt":"2019-05-03T09:37:24","slug":"red-de-igualdad-distrito-sur-de-cordoba","status":"publish","type":"post","link":"http:\/\/revistaeco.cepcordoba.es\/index.php\/2019\/05\/02\/red-de-igualdad-distrito-sur-de-cordoba\/","title":{"rendered":"RED DE IGUALDAD DISTRITO SUR DE C\u00d3RDOBA"},"content":{"rendered":"<p><strong>AUTORAS:<\/strong><\/p>\n<p><strong>Rosario Doblas Miranda<\/strong><strong>\u00a0<\/strong><\/p>\n<p>Maestra de educaci\u00f3n primaria. CEIP Jer\u00f3nimo Luis de Cabrera (C\u00f3rdoba)<\/p>\n<p><strong><u>charodoblas@gmail.com<\/u><\/strong><\/p>\n<p><strong>\u00a0<\/strong><\/p>\n<p><strong>Mercedes Molt\u00f3 Esmeralda<\/strong><\/p>\n<p>Maestra de pedagog\u00eda terape\u00fatica. CEIP Federico Garc\u00eda Lorca (C\u00f3rdoba)<\/p>\n<p><strong><u>mpitufa@hotmail.com<\/u><\/strong><\/p>\n<p><strong>RESUMEN<\/strong><\/p>\n<p style=\"text-align: justify;\">La Red de Igualdad Distrito Sur surge en octubre del 2016 y tiene entre sus principales virtudes el aglutinar al asociacionismo feminista, a centros educativos, a ONGs y a instituciones en un mismo objetivo, expresado con multitud de acciones coordinadas y de un marcado car\u00e1cter pedag\u00f3gico social.<\/p>\n<p><strong>Abstract<\/strong><\/p>\n<p style=\"text-align: justify;\">The Network of Equality Southern District arises in October 2016 and has among its main virtues the agglutinate to the feminist associationalism, to educational institutions, NGOs and institutions with the same objective, expressed with a multitude of coordinated actions and a marked social pedagogical character.<\/p>\n<p><a href=\"http:\/\/revistaeco.cepcordoba.es\/wp-content\/uploads\/2019\/05\/Doblas.pdf\" rel=\"noopener noreferrer\"><img loading=\"lazy\" decoding=\"async\" class=\"aligncenter wp-image-3159 size-medium\" src=\"http:\/\/revistaeco.cepcordoba.es\/wp-content\/uploads\/2019\/04\/revistaCEP_numero16_portada_descarga-pdf-1-212x300.png\" alt=\"\" width=\"212\" height=\"300\" srcset=\"http:\/\/revistaeco.cepcordoba.es\/wp-content\/uploads\/2019\/04\/revistaCEP_numero16_portada_descarga-pdf-1-212x300.png 212w, http:\/\/revistaeco.cepcordoba.es\/wp-content\/uploads\/2019\/04\/revistaCEP_numero16_portada_descarga-pdf-1-768x1086.png 768w, http:\/\/revistaeco.cepcordoba.es\/wp-content\/uploads\/2019\/04\/revistaCEP_numero16_portada_descarga-pdf-1-724x1024.png 724w, http:\/\/revistaeco.cepcordoba.es\/wp-content\/uploads\/2019\/04\/revistaCEP_numero16_portada_descarga-pdf-1.png 794w\" sizes=\"auto, (max-width: 212px) 100vw, 212px\" \/><\/a><\/p>\n","protected":false},"excerpt":{"rendered":"<p>AUTORAS: Rosario Doblas Miranda\u00a0 Maestra de educaci\u00f3n primaria. CEIP Jer\u00f3nimo Luis de Cabrera (C\u00f3rdoba) charodoblas@gmail.com \u00a0 Mercedes Molt\u00f3 Esmeralda Maestra de pedagog\u00eda terape\u00fatica. CEIP Federico Garc\u00eda Lorca (C\u00f3rdoba) mpitufa@hotmail.com RESUMEN La Red de Igualdad Distrito Sur surge en octubre del 2016 y tiene entre sus principales virtudes el aglutinar al asociacionismo feminista, a centros educativos, &hellip; <\/p>\n<p><a class=\"more-link btn\" href=\"http:\/\/revistaeco.cepcordoba.es\/index.php\/2019\/05\/02\/red-de-igualdad-distrito-sur-de-cordoba\/\">Seguir leyendo<\/a><\/p>\n","protected":false},"author":1,"featured_media":0,"comment_status":"closed","ping_status":"closed","sticky":false,"template":"","format":"standard","meta":{"jetpack_post_was_ever_published":false,"_jetpack_newsletter_access":"","_jetpack_dont_email_post_to_subs":false,"_jetpack_newsletter_tier_id":0,"_jetpack_memberships_contains_paywalled_content":false,"_jetpack_memberships_contains_paid_content":false,"footnotes":"","jetpack_publicize_message":"","jetpack_publicize_feature_enabled":true,"jetpack_social_post_already_shared":true,"jetpack_social_options":{"image_generator_settings":{"template":"highway","default_image_id":0,"font":"","enabled":false},"version":2}},"categories":[590,594],"tags":[623,624,459],"class_list":["post-3248","post","type-post","status-publish","format-standard","hentry","category-e-co-numero-16","category-experiencias-e-co-numero-16","tag-asociacionismo-feminista","tag-caracter-pedagogico-social","tag-red","nodate","item-wrap"],"jetpack_publicize_connections":[],"jetpack_featured_media_url":"","jetpack_sharing_enabled":true,"jetpack_shortlink":"https:\/\/wp.me\/p8j08t-Qo","_links":{"self":[{"href":"http:\/\/revistaeco.cepcordoba.es\/index.php\/wp-json\/wp\/v2\/posts\/3248","targetHints":{"allow":["GET"]}}],"collection":[{"href":"http:\/\/revistaeco.cepcordoba.es\/index.php\/wp-json\/wp\/v2\/posts"}],"about":[{"href":"http:\/\/revistaeco.cepcordoba.es\/index.php\/wp-json\/wp\/v2\/types\/post"}],"author":[{"embeddable":true,"href":"http:\/\/revistaeco.cepcordoba.es\/index.php\/wp-json\/wp\/v2\/users\/1"}],"replies":[{"embeddable":true,"href":"http:\/\/revistaeco.cepcordoba.es\/index.php\/wp-json\/wp\/v2\/comments?post=3248"}],"version-history":[{"count":5,"href":"http:\/\/revistaeco.cepcordoba.es\/index.php\/wp-json\/wp\/v2\/posts\/3248\/revisions"}],"predecessor-version":[{"id":3595,"href":"http:\/\/revistaeco.cepcordoba.es\/index.php\/wp-json\/wp\/v2\/posts\/3248\/revisions\/3595"}],"wp:attachment":[{"href":"http:\/\/revistaeco.cepcordoba.es\/index.php\/wp-json\/wp\/v2\/media?parent=3248"}],"wp:term":[{"taxonomy":"category","embeddable":true,"href":"http:\/\/revistaeco.cepcordoba.es\/index.php\/wp-json\/wp\/v2\/categories?post=3248"},{"taxonomy":"post_tag","embeddable":true,"href":"http:\/\/revistaeco.cepcordoba.es\/index.php\/wp-json\/wp\/v2\/tags?post=3248"}],"curies":[{"name":"wp","href":"https:\/\/api.w.org\/{rel}","templated":true}]}}