{"id":3253,"date":"2019-05-02T03:57:03","date_gmt":"2019-05-02T02:57:03","guid":{"rendered":"http:\/\/revistaeco.cepcordoba.es\/?p=3253"},"modified":"2019-05-03T11:16:33","modified_gmt":"2019-05-03T10:16:33","slug":"masculinidades-hacia-masculinidades-diversas-e-igualitarias-una-vision-general-del-concepto-y-la-propia-intervencion-psicoeducativa","status":"publish","type":"post","link":"http:\/\/revistaeco.cepcordoba.es\/index.php\/2019\/05\/02\/masculinidades-hacia-masculinidades-diversas-e-igualitarias-una-vision-general-del-concepto-y-la-propia-intervencion-psicoeducativa\/","title":{"rendered":"MASCULINIDADES: HACIA MASCULINIDADES DIVERSAS E IGUALITARIAS. UNA VISI\u00d3N GENERAL DEL CONCEPTO Y LA PROPIA INTERVENCI\u00d3N PSICOEDUCATIVA"},"content":{"rendered":"<p><strong>AUTOR:<\/strong><\/p>\n<p><strong>Jos\u00e9 Antonio Garc\u00eda Serrano<\/strong><\/p>\n<p>Psic\u00f3logo infanto-juvenil y educador<\/p>\n<p><strong><a href=\"mailto:birrojo@icloud.com\">birrojo@icloud.com<\/a><\/strong><\/p>\n<p><strong>RESUMEN<\/strong><\/p>\n<p style=\"text-align: justify;\">Ensayo y reflexiones sobre la propia pr\u00e1ctica psicoeducativa con poblaci\u00f3n infanto-juvenil sobre intervenci\u00f3n con masculinidades diversas e igualitarias. Aspectos generales sobre los constructos \u201cg\u00e9nero\u201d y \u201csexo\u201d y su relaci\u00f3n sociocultural, as\u00ed como la evoluci\u00f3n del t\u00e9rmino \u201cmasculinidad\u201d. Se realiza una revisi\u00f3n de educaci\u00f3n afectivo-sexual y educaci\u00f3n en valores con perspectiva de g\u00e9nero y psicol\u00f3gica.<\/p>\n<p><strong>ABSTRACT<\/strong><\/p>\n<p style=\"text-align: justify;\">Essay and considerations about the psychoeducational exercise itself in a child-juvenile community about intervention with diverse and equal masculinities. General aspects about the concepts \u00abgender\u00bb and \u00absex\u00bb as constructs and its social and cultural connection, as well as, the evolution of masculinity as a term. A review of the affective-sexual education and values education in terms of gender and psychology has been made.<\/p>\n<p><a href=\"http:\/\/revistaeco.cepcordoba.es\/wp-content\/uploads\/2019\/05\/Garcia.pdf\" rel=\"noopener noreferrer\"><img loading=\"lazy\" decoding=\"async\" class=\"aligncenter wp-image-3159 size-medium\" src=\"http:\/\/revistaeco.cepcordoba.es\/wp-content\/uploads\/2019\/04\/revistaCEP_numero16_portada_descarga-pdf-1-212x300.png\" alt=\"\" width=\"212\" height=\"300\" srcset=\"http:\/\/revistaeco.cepcordoba.es\/wp-content\/uploads\/2019\/04\/revistaCEP_numero16_portada_descarga-pdf-1-212x300.png 212w, http:\/\/revistaeco.cepcordoba.es\/wp-content\/uploads\/2019\/04\/revistaCEP_numero16_portada_descarga-pdf-1-768x1086.png 768w, http:\/\/revistaeco.cepcordoba.es\/wp-content\/uploads\/2019\/04\/revistaCEP_numero16_portada_descarga-pdf-1-724x1024.png 724w, http:\/\/revistaeco.cepcordoba.es\/wp-content\/uploads\/2019\/04\/revistaCEP_numero16_portada_descarga-pdf-1.png 794w\" sizes=\"auto, (max-width: 212px) 100vw, 212px\" \/><\/a><\/p>\n","protected":false},"excerpt":{"rendered":"<p>AUTOR: Jos\u00e9 Antonio Garc\u00eda Serrano Psic\u00f3logo infanto-juvenil y educador birrojo@icloud.com RESUMEN Ensayo y reflexiones sobre la propia pr\u00e1ctica psicoeducativa con poblaci\u00f3n infanto-juvenil sobre intervenci\u00f3n con masculinidades diversas e igualitarias. Aspectos generales sobre los constructos \u201cg\u00e9nero\u201d y \u201csexo\u201d y su relaci\u00f3n sociocultural, as\u00ed como la evoluci\u00f3n del t\u00e9rmino \u201cmasculinidad\u201d. Se realiza una revisi\u00f3n de educaci\u00f3n afectivo-sexual &hellip; <\/p>\n<p><a class=\"more-link btn\" href=\"http:\/\/revistaeco.cepcordoba.es\/index.php\/2019\/05\/02\/masculinidades-hacia-masculinidades-diversas-e-igualitarias-una-vision-general-del-concepto-y-la-propia-intervencion-psicoeducativa\/\">Seguir leyendo<\/a><\/p>\n","protected":false},"author":1,"featured_media":0,"comment_status":"closed","ping_status":"closed","sticky":false,"template":"","format":"standard","meta":{"jetpack_post_was_ever_published":false,"_jetpack_newsletter_access":"","_jetpack_dont_email_post_to_subs":false,"_jetpack_newsletter_tier_id":0,"_jetpack_memberships_contains_paywalled_content":false,"_jetpack_memberships_contains_paid_content":false,"footnotes":"","jetpack_publicize_message":"","jetpack_publicize_feature_enabled":true,"jetpack_social_post_already_shared":true,"jetpack_social_options":{"image_generator_settings":{"template":"highway","default_image_id":0,"font":"","enabled":false},"version":2}},"categories":[591,590],"tags":[625,627,626,628],"class_list":["post-3253","post","type-post","status-publish","format-standard","hentry","category-articulos-e-co-numero-16","category-e-co-numero-16","tag-diversidad","tag-intervencion-psicoeducativa","tag-masculinidad","tag-nuevas-masculinidades","nodate","item-wrap"],"jetpack_publicize_connections":[],"jetpack_featured_media_url":"","jetpack_sharing_enabled":true,"jetpack_shortlink":"https:\/\/wp.me\/p8j08t-Qt","_links":{"self":[{"href":"http:\/\/revistaeco.cepcordoba.es\/index.php\/wp-json\/wp\/v2\/posts\/3253","targetHints":{"allow":["GET"]}}],"collection":[{"href":"http:\/\/revistaeco.cepcordoba.es\/index.php\/wp-json\/wp\/v2\/posts"}],"about":[{"href":"http:\/\/revistaeco.cepcordoba.es\/index.php\/wp-json\/wp\/v2\/types\/post"}],"author":[{"embeddable":true,"href":"http:\/\/revistaeco.cepcordoba.es\/index.php\/wp-json\/wp\/v2\/users\/1"}],"replies":[{"embeddable":true,"href":"http:\/\/revistaeco.cepcordoba.es\/index.php\/wp-json\/wp\/v2\/comments?post=3253"}],"version-history":[{"count":4,"href":"http:\/\/revistaeco.cepcordoba.es\/index.php\/wp-json\/wp\/v2\/posts\/3253\/revisions"}],"predecessor-version":[{"id":3625,"href":"http:\/\/revistaeco.cepcordoba.es\/index.php\/wp-json\/wp\/v2\/posts\/3253\/revisions\/3625"}],"wp:attachment":[{"href":"http:\/\/revistaeco.cepcordoba.es\/index.php\/wp-json\/wp\/v2\/media?parent=3253"}],"wp:term":[{"taxonomy":"category","embeddable":true,"href":"http:\/\/revistaeco.cepcordoba.es\/index.php\/wp-json\/wp\/v2\/categories?post=3253"},{"taxonomy":"post_tag","embeddable":true,"href":"http:\/\/revistaeco.cepcordoba.es\/index.php\/wp-json\/wp\/v2\/tags?post=3253"}],"curies":[{"name":"wp","href":"https:\/\/api.w.org\/{rel}","templated":true}]}}