{"id":4322,"date":"2020-04-08T09:17:07","date_gmt":"2020-04-08T08:17:07","guid":{"rendered":"http:\/\/revistaeco.cepcordoba.es\/?p=4322"},"modified":"2020-04-16T10:56:23","modified_gmt":"2020-04-16T09:56:23","slug":"prevencion-del-acoso-escolar-en-educacion-infantil-hacia-el-modelo-dialogico-de-prevencion-y-resolucion-de-conflictos","status":"publish","type":"post","link":"http:\/\/revistaeco.cepcordoba.es\/index.php\/2020\/04\/08\/prevencion-del-acoso-escolar-en-educacion-infantil-hacia-el-modelo-dialogico-de-prevencion-y-resolucion-de-conflictos\/","title":{"rendered":"PREVENCI\u00d3N DEL ACOSO ESCOLAR EN EDUCACI\u00d3N INFANTIL. HACIA EL MODELO DIAL\u00d3GICO DE PREVENCI\u00d3N Y RESOLUCI\u00d3N DE CONFLICTOS"},"content":{"rendered":"\n<h3><strong>AUTOR\/A<\/strong>:<\/h3>\n<h4><strong>Manuel R\u00edos Mac\u00edas<\/strong><\/h4>\n<p>Educador Social EOE Poniente-Villarrubia (C\u00f3rdoba) y Profesor Asociado del Grado de Educaci\u00f3n Social de la UCO<\/p>\n<h4><strong>Violeta Veredas Mill\u00e1n<\/strong><\/h4>\n<p>Maestra de Pedagog\u00eda Terap\u00e9utica del Aula Espec\u00edfica del CEIP F\u00e9lix Rodr\u00edguez de la Fuente (And\u00fajar)<\/p>\n<h4><strong>Resumen<\/strong><\/h4>\n<p style=\"text-align: justify;\">En el presente art\u00edculo, abordamos el fen\u00f3meno del acoso escolar desde una perspectiva comunitaria. El modelo dial\u00f3gico de prevenci\u00f3n y resoluci\u00f3n de conflictos, considerado como una de las actuaciones educativas de \u00e9xito de las Comunidades de Aprendizaje, constituye la piedra angular de la propuesta concreta que presentamos para prevenir el acoso en las etapas de Educaci\u00f3n Infantil y primer ciclo de Primaria. Hablamos del Club de Valientes.<\/p>\n<h4><strong>Abstract<\/strong><\/h4>\n<p style=\"text-align: justify;\">In this article, we address the phenomenon of bullying from a community perspective. The dialogic model of conflict prevention and resolution, considered one of the successful educational activities of the Learning Communities, is the cornerstone of the concrete proposal we present to prevent bullying in the stages of Preschool and first cycle of Primary Education. We talked about the Brave Club.<\/p>\n<p><a href=\"http:\/\/revistaeco.cepcordoba.es\/wp-content\/uploads\/2020\/03\/Rios.pdf\" rel=\"noopener noreferrer\"><img loading=\"lazy\" decoding=\"async\" class=\"aligncenter wp-image-4424 size-medium\" src=\"http:\/\/revistaeco.cepcordoba.es\/wp-content\/uploads\/2020\/04\/Portada_descarga-212x300.jpg\" alt=\"\" width=\"212\" height=\"300\" srcset=\"http:\/\/revistaeco.cepcordoba.es\/wp-content\/uploads\/2020\/04\/Portada_descarga-212x300.jpg 212w, http:\/\/revistaeco.cepcordoba.es\/wp-content\/uploads\/2020\/04\/Portada_descarga-724x1024.jpg 724w, http:\/\/revistaeco.cepcordoba.es\/wp-content\/uploads\/2020\/04\/Portada_descarga-768x1087.jpg 768w, http:\/\/revistaeco.cepcordoba.es\/wp-content\/uploads\/2020\/04\/Portada_descarga-1085x1536.jpg 1085w, http:\/\/revistaeco.cepcordoba.es\/wp-content\/uploads\/2020\/04\/Portada_descarga-1447x2048.jpg 1447w, http:\/\/revistaeco.cepcordoba.es\/wp-content\/uploads\/2020\/04\/Portada_descarga-scaled.jpg 1809w\" sizes=\"auto, (max-width: 212px) 100vw, 212px\" \/><\/a><\/p>\n","protected":false},"excerpt":{"rendered":"<p>AUTOR\/A: Manuel R\u00edos Mac\u00edas Educador Social EOE Poniente-Villarrubia (C\u00f3rdoba) y Profesor Asociado del Grado de Educaci\u00f3n Social de la UCO Violeta Veredas Mill\u00e1n Maestra de Pedagog\u00eda Terap\u00e9utica del Aula Espec\u00edfica del CEIP F\u00e9lix Rodr\u00edguez de la Fuente (And\u00fajar) Resumen En el presente art\u00edculo, abordamos el fen\u00f3meno del acoso escolar desde una perspectiva comunitaria. El modelo &hellip; <\/p>\n<p><a class=\"more-link btn\" href=\"http:\/\/revistaeco.cepcordoba.es\/index.php\/2020\/04\/08\/prevencion-del-acoso-escolar-en-educacion-infantil-hacia-el-modelo-dialogico-de-prevencion-y-resolucion-de-conflictos\/\">Seguir leyendo<\/a><\/p>\n","protected":false},"author":1,"featured_media":0,"comment_status":"closed","ping_status":"closed","sticky":false,"template":"","format":"standard","meta":{"jetpack_post_was_ever_published":false,"_jetpack_newsletter_access":"","_jetpack_dont_email_post_to_subs":false,"_jetpack_newsletter_tier_id":0,"_jetpack_memberships_contains_paywalled_content":false,"_jetpack_memberships_contains_paid_content":false,"footnotes":"","jetpack_publicize_message":"","jetpack_publicize_feature_enabled":true,"jetpack_social_post_already_shared":true,"jetpack_social_options":{"image_generator_settings":{"template":"highway","default_image_id":0,"font":"","enabled":false},"version":2}},"categories":[765,767],"tags":[319,59,661,785],"class_list":["post-4322","post","type-post","status-publish","format-standard","hentry","category-e-co-numero-17","category-experiencias-e-co-numero-17","tag-acoso-escolar","tag-educacion-infantil","tag-educacion-social","tag-escuela","nodate","item-wrap"],"jetpack_publicize_connections":[],"jetpack_featured_media_url":"","jetpack_sharing_enabled":true,"jetpack_shortlink":"https:\/\/wp.me\/p8j08t-17I","_links":{"self":[{"href":"http:\/\/revistaeco.cepcordoba.es\/index.php\/wp-json\/wp\/v2\/posts\/4322","targetHints":{"allow":["GET"]}}],"collection":[{"href":"http:\/\/revistaeco.cepcordoba.es\/index.php\/wp-json\/wp\/v2\/posts"}],"about":[{"href":"http:\/\/revistaeco.cepcordoba.es\/index.php\/wp-json\/wp\/v2\/types\/post"}],"author":[{"embeddable":true,"href":"http:\/\/revistaeco.cepcordoba.es\/index.php\/wp-json\/wp\/v2\/users\/1"}],"replies":[{"embeddable":true,"href":"http:\/\/revistaeco.cepcordoba.es\/index.php\/wp-json\/wp\/v2\/comments?post=4322"}],"version-history":[{"count":3,"href":"http:\/\/revistaeco.cepcordoba.es\/index.php\/wp-json\/wp\/v2\/posts\/4322\/revisions"}],"predecessor-version":[{"id":4690,"href":"http:\/\/revistaeco.cepcordoba.es\/index.php\/wp-json\/wp\/v2\/posts\/4322\/revisions\/4690"}],"wp:attachment":[{"href":"http:\/\/revistaeco.cepcordoba.es\/index.php\/wp-json\/wp\/v2\/media?parent=4322"}],"wp:term":[{"taxonomy":"category","embeddable":true,"href":"http:\/\/revistaeco.cepcordoba.es\/index.php\/wp-json\/wp\/v2\/categories?post=4322"},{"taxonomy":"post_tag","embeddable":true,"href":"http:\/\/revistaeco.cepcordoba.es\/index.php\/wp-json\/wp\/v2\/tags?post=4322"}],"curies":[{"name":"wp","href":"https:\/\/api.w.org\/{rel}","templated":true}]}}