{"id":4865,"date":"2021-03-28T16:43:06","date_gmt":"2021-03-28T15:43:06","guid":{"rendered":"http:\/\/revistaeco.cepcordoba.es\/?p=4865"},"modified":"2021-04-13T15:39:08","modified_gmt":"2021-04-13T14:39:08","slug":"las-ensenanzas-musicales-de-conservatorio-aplicadas-al-bienestar-social","status":"publish","type":"post","link":"http:\/\/revistaeco.cepcordoba.es\/index.php\/2021\/03\/28\/las-ensenanzas-musicales-de-conservatorio-aplicadas-al-bienestar-social\/","title":{"rendered":"LAS ENSE\u00d1ANZAS MUSICALES DE CONSERVATORIO APLICADAS AL BIENESTAR SOCIAL"},"content":{"rendered":"\n<h3><strong>AUTORA:<\/strong><\/h3>\n<h4><strong>Ana Mar\u00eda Guti\u00e9rrez Mart\u00ednez<\/strong><\/h4>\n<p>Conservatorio Profesional de M\u00fasica<em> \u00abM\u00fasico Ziryab\u00bb <\/em>de C\u00f3rdoba<\/p>\n<h4><strong>Resumen<\/strong><\/h4>\n<p style=\"text-align: justify;\">El presente documento refleja la experiencia docente vivida por el profesorado integrante del Grupo de Trabajo \u201cLas ense\u00f1anzas musicales de conservatorio aplicadas al bienestar social\u201d durante el curso 2019\/2020, destacando las principales l\u00edneas de acci\u00f3n llevadas a cabo en diferentes instituciones de la provincia de C\u00f3rdoba en torno al uso de la m\u00fasica como agente de acci\u00f3n social y herramienta de bienestar.<\/p>\n<h4><strong>Abstract<\/strong><\/h4>\n<p>This work presents the teaching experience lived by the members of the \u201cThe musical teachings of conservatoire applied to social welfare\u201d Working Group during the 2019\/2020 academic year, remarking the manin actions carried out in different institutions placed in Cordoba, using music as agent of social action and as a tool for well-being.<\/p>\n<p><a href=\"http:\/\/revistaeco.cepcordoba.es\/wp-content\/uploads\/2021\/04\/Gutierrez.pdf\" target=\"_blank\" rel=\"noopener\"><img loading=\"lazy\" decoding=\"async\" class=\"aligncenter wp-image-4830 size-medium\" src=\"http:\/\/revistaeco.cepcordoba.es\/wp-content\/uploads\/2021\/03\/Descarga-212x300.jpg\" alt=\"\" width=\"212\" height=\"300\" srcset=\"http:\/\/revistaeco.cepcordoba.es\/wp-content\/uploads\/2021\/03\/Descarga-212x300.jpg 212w, http:\/\/revistaeco.cepcordoba.es\/wp-content\/uploads\/2021\/03\/Descarga-724x1024.jpg 724w, http:\/\/revistaeco.cepcordoba.es\/wp-content\/uploads\/2021\/03\/Descarga-768x1086.jpg 768w, http:\/\/revistaeco.cepcordoba.es\/wp-content\/uploads\/2021\/03\/Descarga-1086x1536.jpg 1086w, http:\/\/revistaeco.cepcordoba.es\/wp-content\/uploads\/2021\/03\/Descarga-1448x2048.jpg 1448w, http:\/\/revistaeco.cepcordoba.es\/wp-content\/uploads\/2021\/03\/Descarga-scaled.jpg 1811w\" sizes=\"auto, (max-width: 212px) 100vw, 212px\" \/><\/a><\/p>\n","protected":false},"excerpt":{"rendered":"<p>AUTORA: Ana Mar\u00eda Guti\u00e9rrez Mart\u00ednez Conservatorio Profesional de M\u00fasica \u00abM\u00fasico Ziryab\u00bb de C\u00f3rdoba Resumen El presente documento refleja la experiencia docente vivida por el profesorado integrante del Grupo de Trabajo \u201cLas ense\u00f1anzas musicales de conservatorio aplicadas al bienestar social\u201d durante el curso 2019\/2020, destacando las principales l\u00edneas de acci\u00f3n llevadas a cabo en diferentes instituciones &hellip; <\/p>\n<p><a class=\"more-link btn\" href=\"http:\/\/revistaeco.cepcordoba.es\/index.php\/2021\/03\/28\/las-ensenanzas-musicales-de-conservatorio-aplicadas-al-bienestar-social\/\">Seguir leyendo<\/a><\/p>\n","protected":false},"author":1,"featured_media":0,"comment_status":"closed","ping_status":"closed","sticky":false,"template":"","format":"standard","meta":{"jetpack_post_was_ever_published":false,"_jetpack_newsletter_access":"","_jetpack_dont_email_post_to_subs":false,"_jetpack_newsletter_tier_id":0,"_jetpack_memberships_contains_paywalled_content":false,"_jetpack_memberships_contains_paid_content":false,"footnotes":"","jetpack_publicize_message":"","jetpack_publicize_feature_enabled":true,"jetpack_social_post_already_shared":true,"jetpack_social_options":{"image_generator_settings":{"template":"highway","default_image_id":0,"font":"","enabled":false},"version":2}},"categories":[834,836],"tags":[864,73,865,69],"class_list":["post-4865","post","type-post","status-publish","format-standard","hentry","category-e-co-numero-18","category-experiencias-e-co-numero-18","tag-bienestar-holistico","tag-conservatorio","tag-hospital-universitario-reina-sofia","tag-musica","nodate","item-wrap"],"jetpack_publicize_connections":[],"jetpack_featured_media_url":"","jetpack_sharing_enabled":true,"jetpack_shortlink":"https:\/\/wp.me\/p8j08t-1gt","_links":{"self":[{"href":"http:\/\/revistaeco.cepcordoba.es\/index.php\/wp-json\/wp\/v2\/posts\/4865","targetHints":{"allow":["GET"]}}],"collection":[{"href":"http:\/\/revistaeco.cepcordoba.es\/index.php\/wp-json\/wp\/v2\/posts"}],"about":[{"href":"http:\/\/revistaeco.cepcordoba.es\/index.php\/wp-json\/wp\/v2\/types\/post"}],"author":[{"embeddable":true,"href":"http:\/\/revistaeco.cepcordoba.es\/index.php\/wp-json\/wp\/v2\/users\/1"}],"replies":[{"embeddable":true,"href":"http:\/\/revistaeco.cepcordoba.es\/index.php\/wp-json\/wp\/v2\/comments?post=4865"}],"version-history":[{"count":2,"href":"http:\/\/revistaeco.cepcordoba.es\/index.php\/wp-json\/wp\/v2\/posts\/4865\/revisions"}],"predecessor-version":[{"id":4979,"href":"http:\/\/revistaeco.cepcordoba.es\/index.php\/wp-json\/wp\/v2\/posts\/4865\/revisions\/4979"}],"wp:attachment":[{"href":"http:\/\/revistaeco.cepcordoba.es\/index.php\/wp-json\/wp\/v2\/media?parent=4865"}],"wp:term":[{"taxonomy":"category","embeddable":true,"href":"http:\/\/revistaeco.cepcordoba.es\/index.php\/wp-json\/wp\/v2\/categories?post=4865"},{"taxonomy":"post_tag","embeddable":true,"href":"http:\/\/revistaeco.cepcordoba.es\/index.php\/wp-json\/wp\/v2\/tags?post=4865"}],"curies":[{"name":"wp","href":"https:\/\/api.w.org\/{rel}","templated":true}]}}