{"id":5070,"date":"2021-09-05T10:59:10","date_gmt":"2021-09-05T09:59:10","guid":{"rendered":"http:\/\/revistaeco.cepcordoba.es\/?p=5070"},"modified":"2021-09-08T11:09:59","modified_gmt":"2021-09-08T10:09:59","slug":"la-formacion-al-servicio-de-erasmus","status":"publish","type":"post","link":"http:\/\/revistaeco.cepcordoba.es\/index.php\/2021\/09\/05\/la-formacion-al-servicio-de-erasmus\/","title":{"rendered":"LA FORMACI\u00d3N AL SERVICIO DE ERASMUS+"},"content":{"rendered":"\n<h3><strong>AUTORA:<\/strong><\/h3>\n<h4><strong>Beatriz Mart\u00ednez Serrano<\/strong><\/h4>\n<p>Asesora del \u00c1mbito Ling\u00fc\u00edstico. CEP de C\u00f3rdoba<\/p>\n<h4><strong>Resumen<\/strong><\/h4>\n<p>A lo largo de los seis cursos acad\u00e9micos de vigencia del programa Erasmus+ (2014-2020), los Centros del Profesorado de la provincia de C\u00f3rdoba han desempe\u00f1ado un papel esencial en lo que a la formaci\u00f3n se refiere. En este sentido, se han ofertado m\u00faltiples actividades formativas destinadas a familiarizar a los docentes con las novedades que contemplaba el programa cada a\u00f1o, as\u00ed como a facilitarles los recursos y herramientas necesarios para solicitar, gestionar y desarrollar este tipo de proyectos; a visibilizar las buenas pr\u00e1cticas de los centros educativos en proyectos KA1, KA2 y KA3; y a animar a los centros a participar como escuelas mentoras y centros Tel\u00e9maco para fomentar la internacionalizaci\u00f3n y reforzar la dimensi\u00f3n europea de la educaci\u00f3n.<\/p>\n<h4><strong>Abstract<\/strong><\/h4>\n<p>Throughout the life cycle of the Erasmus+ programme (2014-2020), the Teacher Training Centres in the province of C\u00f3rdoba have played an essential role in the field of in-service teacher training. In this sense, multiple training initiatives have been designed and implemented to familiarise teachers with the new features of the programme each school year, as well as to provide them with the necessary resources and tools to successfully apply for, manage and develop this type of projects; to make visible the good practices of schools in KA1, KA2 and KA3 projects; and to encourage schools to participate as mentoring schools and Telemachus schools to promote internationalisation and strengthen the European dimension of education.<\/p>\n<p><a href=\"http:\/\/revistaeco.cepcordoba.es\/wp-content\/uploads\/2021\/09\/01_Serrano.pdf\" target=\"_blank\" rel=\"noopener\"><img loading=\"lazy\" decoding=\"async\" class=\"wp-image-5140 size-medium aligncenter\" src=\"http:\/\/revistaeco.cepcordoba.es\/wp-content\/uploads\/2021\/09\/portada-descarga-2-212x300.jpg\" alt=\"\" width=\"212\" height=\"300\" srcset=\"http:\/\/revistaeco.cepcordoba.es\/wp-content\/uploads\/2021\/09\/portada-descarga-2-212x300.jpg 212w, http:\/\/revistaeco.cepcordoba.es\/wp-content\/uploads\/2021\/09\/portada-descarga-2-724x1024.jpg 724w, http:\/\/revistaeco.cepcordoba.es\/wp-content\/uploads\/2021\/09\/portada-descarga-2-768x1086.jpg 768w, http:\/\/revistaeco.cepcordoba.es\/wp-content\/uploads\/2021\/09\/portada-descarga-2.jpg 794w\" sizes=\"auto, (max-width: 212px) 100vw, 212px\" \/><\/a><\/p>\n","protected":false},"excerpt":{"rendered":"<p>AUTORA: Beatriz Mart\u00ednez Serrano Asesora del \u00c1mbito Ling\u00fc\u00edstico. CEP de C\u00f3rdoba Resumen A lo largo de los seis cursos acad\u00e9micos de vigencia del programa Erasmus+ (2014-2020), los Centros del Profesorado de la provincia de C\u00f3rdoba han desempe\u00f1ado un papel esencial en lo que a la formaci\u00f3n se refiere. En este sentido, se han ofertado m\u00faltiples &hellip; <\/p>\n<p><a class=\"more-link btn\" href=\"http:\/\/revistaeco.cepcordoba.es\/index.php\/2021\/09\/05\/la-formacion-al-servicio-de-erasmus\/\">Seguir leyendo<\/a><\/p>\n","protected":false},"author":1,"featured_media":0,"comment_status":"closed","ping_status":"closed","sticky":false,"template":"","format":"standard","meta":{"jetpack_post_was_ever_published":false,"_jetpack_newsletter_access":"","_jetpack_dont_email_post_to_subs":false,"_jetpack_newsletter_tier_id":0,"_jetpack_memberships_contains_paywalled_content":false,"_jetpack_memberships_contains_paid_content":false,"footnotes":"","jetpack_publicize_message":"","jetpack_publicize_feature_enabled":true,"jetpack_social_post_already_shared":true,"jetpack_social_options":{"image_generator_settings":{"template":"highway","default_image_id":0,"font":"","enabled":false},"version":2}},"categories":[910,909],"tags":[756,131,226,809],"class_list":["post-5070","post","type-post","status-publish","format-standard","hentry","category-articulos-e-co-exttra-erasmus","category-e-co-exttra-erasmus","tag-erasmus-2","tag-formacion-del-profesorado","tag-internacionalizacion","tag-plurilinguismo-2","nodate","item-wrap"],"jetpack_publicize_connections":[],"jetpack_featured_media_url":"","jetpack_sharing_enabled":true,"jetpack_shortlink":"https:\/\/wp.me\/p8j08t-1jM","_links":{"self":[{"href":"http:\/\/revistaeco.cepcordoba.es\/index.php\/wp-json\/wp\/v2\/posts\/5070","targetHints":{"allow":["GET"]}}],"collection":[{"href":"http:\/\/revistaeco.cepcordoba.es\/index.php\/wp-json\/wp\/v2\/posts"}],"about":[{"href":"http:\/\/revistaeco.cepcordoba.es\/index.php\/wp-json\/wp\/v2\/types\/post"}],"author":[{"embeddable":true,"href":"http:\/\/revistaeco.cepcordoba.es\/index.php\/wp-json\/wp\/v2\/users\/1"}],"replies":[{"embeddable":true,"href":"http:\/\/revistaeco.cepcordoba.es\/index.php\/wp-json\/wp\/v2\/comments?post=5070"}],"version-history":[{"count":5,"href":"http:\/\/revistaeco.cepcordoba.es\/index.php\/wp-json\/wp\/v2\/posts\/5070\/revisions"}],"predecessor-version":[{"id":5145,"href":"http:\/\/revistaeco.cepcordoba.es\/index.php\/wp-json\/wp\/v2\/posts\/5070\/revisions\/5145"}],"wp:attachment":[{"href":"http:\/\/revistaeco.cepcordoba.es\/index.php\/wp-json\/wp\/v2\/media?parent=5070"}],"wp:term":[{"taxonomy":"category","embeddable":true,"href":"http:\/\/revistaeco.cepcordoba.es\/index.php\/wp-json\/wp\/v2\/categories?post=5070"},{"taxonomy":"post_tag","embeddable":true,"href":"http:\/\/revistaeco.cepcordoba.es\/index.php\/wp-json\/wp\/v2\/tags?post=5070"}],"curies":[{"name":"wp","href":"https:\/\/api.w.org\/{rel}","templated":true}]}}