{"id":5677,"date":"2024-04-13T16:07:24","date_gmt":"2024-04-13T15:07:24","guid":{"rendered":"https:\/\/revistaeco.cepcordoba.es\/?p=5677"},"modified":"2024-04-18T08:18:46","modified_gmt":"2024-04-18T07:18:46","slug":"patrimonio-de-memoria-los-lugares-de-memoria-en-la-provincia-de-cordoba","status":"publish","type":"post","link":"http:\/\/revistaeco.cepcordoba.es\/index.php\/2024\/04\/13\/patrimonio-de-memoria-los-lugares-de-memoria-en-la-provincia-de-cordoba\/","title":{"rendered":"<strong>PATRIMONIO DE MEMORIA: LOS LUGARES DE MEMORIA EN LA PROVINCIA DE C\u00d3RDOBA<\/strong>"},"content":{"rendered":"<h3><strong>AUTOR:<\/strong><\/h3>\n<h4><strong>Miguel \u00c1ngel Pe\u00f1a Mu\u00f1oz<\/strong><\/h4>\n<p>IES <em>Averroes <\/em>(C\u00f3rdoba)<\/p>\n<h4><strong>RESUMEN<\/strong><\/h4>\n<p>El presente art\u00edculo muestra el trabajo realizado con el alumnado de Geograf\u00eda e Historia de 4ESO en el IES Miguel Crespo (Fern\u00e1n N\u00fa\u00f1ez, C\u00f3rdoba) sobre los lugares de memoria, relativos al contexto de la Guerra de Espa\u00f1a (1936-1939) y su posguerra existente en la provincia de C\u00f3rdoba, como elementos que conforman parte del patrimonio hist\u00f3rico de dicha provincia.<\/p>\n<h4><strong>ABSTRACT<\/strong><\/h4>\n<p>This article offers the research developed by the 4th ESO Geography and History subject students of the Miguel Crespo secondary school (Fern\u00e1n Nu\u00f1ez, C\u00f3rdoba) about the \u00abmemory places\u00bb related to the Spanish Civil War and its postwar existing in C\u00f3rdoba as part of the historic heritage of that province..<\/p>\n<p><a href=\"http:\/\/revistaeco.cepcordoba.es\/wp-content\/uploads\/2024\/04\/Pena3.pdf\"><img loading=\"lazy\" decoding=\"async\" class=\"aligncenter wp-image-5651 size-medium\" src=\"http:\/\/revistaeco.cepcordoba.es\/wp-content\/uploads\/2024\/04\/portada_21_descarga-212x300.jpg\" alt=\"\" width=\"212\" height=\"300\" srcset=\"http:\/\/revistaeco.cepcordoba.es\/wp-content\/uploads\/2024\/04\/portada_21_descarga-212x300.jpg 212w, http:\/\/revistaeco.cepcordoba.es\/wp-content\/uploads\/2024\/04\/portada_21_descarga-724x1024.jpg 724w, http:\/\/revistaeco.cepcordoba.es\/wp-content\/uploads\/2024\/04\/portada_21_descarga-768x1086.jpg 768w, http:\/\/revistaeco.cepcordoba.es\/wp-content\/uploads\/2024\/04\/portada_21_descarga.jpg 794w\" sizes=\"auto, (max-width: 212px) 100vw, 212px\" \/><\/a><\/p>\n","protected":false},"excerpt":{"rendered":"<p>AUTOR: Miguel \u00c1ngel Pe\u00f1a Mu\u00f1oz IES Averroes (C\u00f3rdoba) RESUMEN El presente art\u00edculo muestra el trabajo realizado con el alumnado de Geograf\u00eda e Historia de 4ESO en el IES Miguel Crespo (Fern\u00e1n N\u00fa\u00f1ez, C\u00f3rdoba) sobre los lugares de memoria, relativos al contexto de la Guerra de Espa\u00f1a (1936-1939) y su posguerra existente en la provincia de &hellip; <\/p>\n<p><a class=\"more-link btn\" href=\"http:\/\/revistaeco.cepcordoba.es\/index.php\/2024\/04\/13\/patrimonio-de-memoria-los-lugares-de-memoria-en-la-provincia-de-cordoba\/\">Seguir leyendo<\/a><\/p>\n","protected":false},"author":1,"featured_media":0,"comment_status":"closed","ping_status":"closed","sticky":false,"template":"","format":"standard","meta":{"jetpack_post_was_ever_published":false,"_jetpack_newsletter_access":"","_jetpack_dont_email_post_to_subs":false,"_jetpack_newsletter_tier_id":0,"_jetpack_memberships_contains_paywalled_content":false,"_jetpack_memberships_contains_paid_content":false,"footnotes":"","jetpack_publicize_message":"","jetpack_publicize_feature_enabled":true,"jetpack_social_post_already_shared":true,"jetpack_social_options":{"image_generator_settings":{"template":"highway","default_image_id":0,"font":"","enabled":false},"version":2}},"categories":[1047,1045],"tags":[283,183,1053,94,724],"class_list":["post-5677","post","type-post","status-publish","format-standard","hentry","category-articulos-e-co-numero-21","category-e-co-numero-21","tag-guerra-civil","tag-historia","tag-lugares-de-memoria","tag-memoria-democratica","tag-patrimonio","nodate","item-wrap"],"jetpack_publicize_connections":[],"jetpack_featured_media_url":"","jetpack_sharing_enabled":true,"jetpack_shortlink":"https:\/\/wp.me\/p8j08t-1tz","_links":{"self":[{"href":"http:\/\/revistaeco.cepcordoba.es\/index.php\/wp-json\/wp\/v2\/posts\/5677","targetHints":{"allow":["GET"]}}],"collection":[{"href":"http:\/\/revistaeco.cepcordoba.es\/index.php\/wp-json\/wp\/v2\/posts"}],"about":[{"href":"http:\/\/revistaeco.cepcordoba.es\/index.php\/wp-json\/wp\/v2\/types\/post"}],"author":[{"embeddable":true,"href":"http:\/\/revistaeco.cepcordoba.es\/index.php\/wp-json\/wp\/v2\/users\/1"}],"replies":[{"embeddable":true,"href":"http:\/\/revistaeco.cepcordoba.es\/index.php\/wp-json\/wp\/v2\/comments?post=5677"}],"version-history":[{"count":2,"href":"http:\/\/revistaeco.cepcordoba.es\/index.php\/wp-json\/wp\/v2\/posts\/5677\/revisions"}],"predecessor-version":[{"id":5760,"href":"http:\/\/revistaeco.cepcordoba.es\/index.php\/wp-json\/wp\/v2\/posts\/5677\/revisions\/5760"}],"wp:attachment":[{"href":"http:\/\/revistaeco.cepcordoba.es\/index.php\/wp-json\/wp\/v2\/media?parent=5677"}],"wp:term":[{"taxonomy":"category","embeddable":true,"href":"http:\/\/revistaeco.cepcordoba.es\/index.php\/wp-json\/wp\/v2\/categories?post=5677"},{"taxonomy":"post_tag","embeddable":true,"href":"http:\/\/revistaeco.cepcordoba.es\/index.php\/wp-json\/wp\/v2\/tags?post=5677"}],"curies":[{"name":"wp","href":"https:\/\/api.w.org\/{rel}","templated":true}]}}