{"id":5791,"date":"2024-06-06T12:00:34","date_gmt":"2024-06-06T11:00:34","guid":{"rendered":"https:\/\/revistaeco.cepcordoba.es\/?p=5791"},"modified":"2025-03-29T18:15:06","modified_gmt":"2025-03-29T17:15:06","slug":"resena-10","status":"publish","type":"post","link":"http:\/\/revistaeco.cepcordoba.es\/index.php\/2024\/06\/06\/resena-10\/","title":{"rendered":"RESE\u00d1A"},"content":{"rendered":"\n<h3><strong>RESE\u00d1A DEL LIBRO:<\/strong><\/h3>\n<p><strong>Hari, Johann. (2023). El valor de la atenci\u00f3n. Por qu\u00e9 nos la robaron y c\u00f3mo recuperarla. Barcelona: Pen\u00ednsula, 2023. 442 pp. ISBN:\u00a0 978-84-1100-129-8..<\/strong><strong>.<\/strong><\/p>\n<p><strong style=\"color: inherit; font-family: inherit; font-size: 24px;\">AUTORA DE LA RESE\u00d1A<\/strong><\/p>\n<p><strong>Mar\u00eda de las Nieves Garc\u00eda Pareja <\/strong><\/p>\n<p><a href=\"http:\/\/revistaeco.cepcordoba.es\/wp-content\/uploads\/2024\/06\/Garciapareja.pdf\" target=\"_blank\" rel=\"noopener\"><img loading=\"lazy\" decoding=\"async\" class=\"aligncenter wp-image-5651 size-medium\" src=\"http:\/\/revistaeco.cepcordoba.es\/wp-content\/uploads\/2024\/04\/portada_21_descarga-212x300.jpg\" alt=\"\" width=\"212\" height=\"300\" srcset=\"http:\/\/revistaeco.cepcordoba.es\/wp-content\/uploads\/2024\/04\/portada_21_descarga-212x300.jpg 212w, http:\/\/revistaeco.cepcordoba.es\/wp-content\/uploads\/2024\/04\/portada_21_descarga-724x1024.jpg 724w, http:\/\/revistaeco.cepcordoba.es\/wp-content\/uploads\/2024\/04\/portada_21_descarga-768x1086.jpg 768w, http:\/\/revistaeco.cepcordoba.es\/wp-content\/uploads\/2024\/04\/portada_21_descarga.jpg 794w\" sizes=\"auto, (max-width: 212px) 100vw, 212px\" \/><\/a><\/p>\n<p>\u00a0<\/p>\n","protected":false},"excerpt":{"rendered":"<p>RESE\u00d1A DEL LIBRO: Hari, Johann. (2023). El valor de la atenci\u00f3n. Por qu\u00e9 nos la robaron y c\u00f3mo recuperarla. Barcelona: Pen\u00ednsula, 2023. 442 pp. ISBN:\u00a0 978-84-1100-129-8&#8230; AUTORA DE LA RESE\u00d1A Mar\u00eda de las Nieves Garc\u00eda Pareja \u00a0<\/p>\n","protected":false},"author":1,"featured_media":0,"comment_status":"closed","ping_status":"closed","sticky":false,"template":"","format":"standard","meta":{"jetpack_post_was_ever_published":false,"_jetpack_newsletter_access":"","_jetpack_dont_email_post_to_subs":false,"_jetpack_newsletter_tier_id":0,"_jetpack_memberships_contains_paywalled_content":false,"_jetpack_memberships_contains_paid_content":false,"footnotes":"","jetpack_publicize_message":"","jetpack_publicize_feature_enabled":true,"jetpack_social_post_already_shared":true,"jetpack_social_options":{"image_generator_settings":{"template":"highway","default_image_id":0,"font":"","enabled":false},"version":2}},"categories":[1045,1049],"tags":[],"class_list":["post-5791","post","type-post","status-publish","format-standard","hentry","category-e-co-numero-21","category-resenas-e-co-numero-21","nodate","item-wrap"],"jetpack_publicize_connections":[],"jetpack_featured_media_url":"","jetpack_sharing_enabled":true,"jetpack_shortlink":"https:\/\/wp.me\/p8j08t-1vp","_links":{"self":[{"href":"http:\/\/revistaeco.cepcordoba.es\/index.php\/wp-json\/wp\/v2\/posts\/5791","targetHints":{"allow":["GET"]}}],"collection":[{"href":"http:\/\/revistaeco.cepcordoba.es\/index.php\/wp-json\/wp\/v2\/posts"}],"about":[{"href":"http:\/\/revistaeco.cepcordoba.es\/index.php\/wp-json\/wp\/v2\/types\/post"}],"author":[{"embeddable":true,"href":"http:\/\/revistaeco.cepcordoba.es\/index.php\/wp-json\/wp\/v2\/users\/1"}],"replies":[{"embeddable":true,"href":"http:\/\/revistaeco.cepcordoba.es\/index.php\/wp-json\/wp\/v2\/comments?post=5791"}],"version-history":[{"count":2,"href":"http:\/\/revistaeco.cepcordoba.es\/index.php\/wp-json\/wp\/v2\/posts\/5791\/revisions"}],"predecessor-version":[{"id":5866,"href":"http:\/\/revistaeco.cepcordoba.es\/index.php\/wp-json\/wp\/v2\/posts\/5791\/revisions\/5866"}],"wp:attachment":[{"href":"http:\/\/revistaeco.cepcordoba.es\/index.php\/wp-json\/wp\/v2\/media?parent=5791"}],"wp:term":[{"taxonomy":"category","embeddable":true,"href":"http:\/\/revistaeco.cepcordoba.es\/index.php\/wp-json\/wp\/v2\/categories?post=5791"},{"taxonomy":"post_tag","embeddable":true,"href":"http:\/\/revistaeco.cepcordoba.es\/index.php\/wp-json\/wp\/v2\/tags?post=5791"}],"curies":[{"name":"wp","href":"https:\/\/api.w.org\/{rel}","templated":true}]}}