{"id":600,"date":"2012-12-04T09:45:15","date_gmt":"2012-12-04T09:45:15","guid":{"rendered":"http:\/\/revistaeco.cepcordoba.es\/index.php\/2012\/12\/04\/trabajos-monograficos-interdisciplinares-ejemplificacion-a-partir-de-la-figura-de-antonio-machado\/"},"modified":"2018-04-24T05:31:56","modified_gmt":"2018-04-24T04:31:56","slug":"trabajos-monograficos-interdisciplinares-ejemplificacion-a-partir-de-la-figura-de-antonio-machado","status":"publish","type":"post","link":"http:\/\/revistaeco.cepcordoba.es\/index.php\/2012\/12\/04\/trabajos-monograficos-interdisciplinares-ejemplificacion-a-partir-de-la-figura-de-antonio-machado\/","title":{"rendered":"TRABAJOS MONOGR\u00c1FICOS INTERDISCIPLINARES: EJEMPLIFICACI\u00d3N A PARTIR DE LA FIGURA DE ANTONIO  MACHADO."},"content":{"rendered":"<h4 style=\"text-align: justify;\"><span style=\"font-size: 12pt; font-family: arial, helvetica, sans-serif;\"><strong>AUTORES:<\/strong><\/span><\/h4>\n<p style=\"text-align: justify;\"><strong><span style=\"font-size: 14pt; font-family: arial, helvetica, sans-serif;\">Rafael Gonz\u00e1lez Requena\u00a0<\/span><\/strong><\/p>\n<p style=\"text-align: justify;\"><strong><span style=\"font-size: 14pt; font-family: arial, helvetica, sans-serif;\">Antonio Jes\u00fas Rodr\u00edguez Delgado\u00a0<\/span><\/strong><\/p>\n<p style=\"text-align: justify;\"><strong><span style=\"font-size: 14pt; font-family: arial, helvetica, sans-serif;\">Mar\u00eda Jos\u00e9 Alcalde Pacheco\u00a0<\/span><\/strong><\/p>\n<p style=\"text-align: justify;\"><strong><span style=\"font-size: 14pt; font-family: arial, helvetica, sans-serif;\">Marielouise Darnaudguillhem P\u00e9rez\u00a0<\/span><\/strong><\/p>\n<p style=\"text-align: justify;\"><span style=\"font-size: 12pt; font-family: arial, helvetica, sans-serif;\"><strong><span style=\"font-size: 14pt;\">Luis Gabriel Naranjo Cordob\u00e9s<\/span><\/strong><br \/>\n<\/span><\/p>\n<p style=\"text-align: justify;\"><span style=\"font-size: 12pt; font-family: arial, helvetica, sans-serif;\">\u00a0<\/span><\/p>\n<h4 style=\"text-align: justify;\"><span style=\"font-size: 12pt; font-family: arial, helvetica, sans-serif;\"><strong>Resumen<\/strong>\u00a0<\/span><\/h4>\n<p style=\"text-align: justify;\"><span style=\"font-size: 12pt; font-family: arial, helvetica, sans-serif;\">El presente art\u00edculo tiene como objetivo ejemplificar una propuesta de trabajo monogr\u00e1fico interdisciplinar teniendo como objeto de estudio la figura del poeta Antonio Machado. Desde las \u00e1reas de Geograf\u00eda e Historia, Lengua y literatura espa\u00f1ola y Lengua francesa, hemos desarrollado conjuntamente una serie de actividades que pretend\u00edan el conocimiento de diferentes facetas del poeta desde las \u00e1reas mencionadas. Asimismo, presentamos un modelo te\u00f3rico de explotaci\u00f3n did\u00e1ctica de esta novedad curricular planteada por la Consejer\u00eda de Educaci\u00f3n en este curso 2011-2012.<\/span><\/p>\n<p style=\"text-align: justify;\">\n<p>&nbsp;<\/p>\n<p><a href=\"http:\/\/revistaeco.cepcordoba.es\/wp-content\/uploads\/2018\/04\/Gonzalez.pdf\"><img loading=\"lazy\" decoding=\"async\" class=\"aligncenter wp-image-2671 size-medium\" src=\"http:\/\/revistaeco.cepcordoba.es\/wp-content\/uploads\/2018\/04\/revistaCEP_numero10_portadA_DESCarga-212x300.png\" alt=\"\" width=\"212\" height=\"300\" srcset=\"http:\/\/revistaeco.cepcordoba.es\/wp-content\/uploads\/2018\/04\/revistaCEP_numero10_portadA_DESCarga-212x300.png 212w, http:\/\/revistaeco.cepcordoba.es\/wp-content\/uploads\/2018\/04\/revistaCEP_numero10_portadA_DESCarga-768x1086.png 768w, http:\/\/revistaeco.cepcordoba.es\/wp-content\/uploads\/2018\/04\/revistaCEP_numero10_portadA_DESCarga-724x1024.png 724w, http:\/\/revistaeco.cepcordoba.es\/wp-content\/uploads\/2018\/04\/revistaCEP_numero10_portadA_DESCarga.png 794w\" sizes=\"auto, (max-width: 212px) 100vw, 212px\" \/><\/a><\/p>\n","protected":false},"excerpt":{"rendered":"<p>Autores<br \/>\nRafael Gonz\u00e1lez Requena<br \/>\nAntonio Jes\u00fas Rodr\u00edguez Delgado<br \/>\nMar\u00eda Jos\u00e9 Alcalde Pacheco<br \/>\nMarielouise Darnaudguillhem P\u00e9rez<br \/>\nLuis Gabriel Naranjo Cordob\u00e9s<\/p>\n<p>Resumen<br \/>\nEl presente art\u00edculo tiene como objetivo ejemplificar una propuesta de trabajo monogr\u00e1fico interdisciplinar teniendo como objeto de estudio la figura del poeta Antonio Machado. Desde las \u00e1reas de Geograf\u00eda e Historia, Lengua y literatura espa\u00f1ola y Lengua francesa, hemos desarrollado conjuntamente una serie de actividades que pretend\u00edan el conocimiento de diferentes facetas del poeta desde las \u00e1reas mencionadas. Asimismo, presentamos un modelo te\u00f3rico de explotaci\u00f3n did\u00e1ctica de esta novedad curricular planteada por la Consejer\u00eda de Educaci\u00f3n en este curso 2011-2012.<\/p><p><a class=\"more-link btn\" href=\"http:\/\/revistaeco.cepcordoba.es\/index.php\/2012\/12\/04\/trabajos-monograficos-interdisciplinares-ejemplificacion-a-partir-de-la-figura-de-antonio-machado\/\">Seguir leyendo<\/a><\/p>\n","protected":false},"author":1,"featured_media":0,"comment_status":"open","ping_status":"open","sticky":false,"template":"","format":"standard","meta":{"jetpack_post_was_ever_published":false,"_jetpack_newsletter_access":"","_jetpack_dont_email_post_to_subs":false,"_jetpack_newsletter_tier_id":0,"_jetpack_memberships_contains_paywalled_content":false,"_jetpack_memberships_contains_paid_content":false,"footnotes":"","jetpack_publicize_message":"","jetpack_publicize_feature_enabled":true,"jetpack_social_post_already_shared":false,"jetpack_social_options":{"image_generator_settings":{"template":"highway","default_image_id":0,"font":"","enabled":false},"version":2}},"categories":[23],"tags":[343,291,263,344,183,111],"class_list":["post-600","post","type-post","status-publish","format-standard","hentry","category-articulos-e-co-numero-10","tag-antonio-machado","tag-ensenanza-de-la-historia","tag-ensenanza-y-aprendizaje-de-idiomas","tag-frances","tag-historia","tag-literatura","nodate","item-wrap"],"jetpack_publicize_connections":[],"jetpack_featured_media_url":"","jetpack_sharing_enabled":true,"jetpack_shortlink":"https:\/\/wp.me\/p8j08t-9G","_links":{"self":[{"href":"http:\/\/revistaeco.cepcordoba.es\/index.php\/wp-json\/wp\/v2\/posts\/600","targetHints":{"allow":["GET"]}}],"collection":[{"href":"http:\/\/revistaeco.cepcordoba.es\/index.php\/wp-json\/wp\/v2\/posts"}],"about":[{"href":"http:\/\/revistaeco.cepcordoba.es\/index.php\/wp-json\/wp\/v2\/types\/post"}],"author":[{"embeddable":true,"href":"http:\/\/revistaeco.cepcordoba.es\/index.php\/wp-json\/wp\/v2\/users\/1"}],"replies":[{"embeddable":true,"href":"http:\/\/revistaeco.cepcordoba.es\/index.php\/wp-json\/wp\/v2\/comments?post=600"}],"version-history":[{"count":4,"href":"http:\/\/revistaeco.cepcordoba.es\/index.php\/wp-json\/wp\/v2\/posts\/600\/revisions"}],"predecessor-version":[{"id":1896,"href":"http:\/\/revistaeco.cepcordoba.es\/index.php\/wp-json\/wp\/v2\/posts\/600\/revisions\/1896"}],"wp:attachment":[{"href":"http:\/\/revistaeco.cepcordoba.es\/index.php\/wp-json\/wp\/v2\/media?parent=600"}],"wp:term":[{"taxonomy":"category","embeddable":true,"href":"http:\/\/revistaeco.cepcordoba.es\/index.php\/wp-json\/wp\/v2\/categories?post=600"},{"taxonomy":"post_tag","embeddable":true,"href":"http:\/\/revistaeco.cepcordoba.es\/index.php\/wp-json\/wp\/v2\/tags?post=600"}],"curies":[{"name":"wp","href":"https:\/\/api.w.org\/{rel}","templated":true}]}}