{"id":622,"date":"2012-12-04T10:55:11","date_gmt":"2012-12-04T10:55:11","guid":{"rendered":"http:\/\/revistaeco.cepcordoba.es\/index.php\/2012\/12\/04\/mujer-y-franquismo-la-actuacion-de-la-seccion-femenina-en-el-colegio-santa-catalina-de-siena\/"},"modified":"2018-04-25T10:35:00","modified_gmt":"2018-04-25T09:35:00","slug":"mujer-y-franquismo-la-actuacion-de-la-seccion-femenina-en-el-colegio-santa-catalina-de-siena","status":"publish","type":"post","link":"http:\/\/revistaeco.cepcordoba.es\/index.php\/2012\/12\/04\/mujer-y-franquismo-la-actuacion-de-la-seccion-femenina-en-el-colegio-santa-catalina-de-siena\/","title":{"rendered":"MUJER Y FRANQUISMO: LA ACTUACI\u00d3N DE LA SECCI\u00d3N FEMENINA EN EL COLEGIO SANTA CATALINA DE  SIENA."},"content":{"rendered":"<h4 style=\"text-align: justify;\"><span style=\"font-size: 12pt; font-family: arial, helvetica, sans-serif;\"><strong>AUTOR:<\/strong><\/span><\/h4>\n<p style=\"text-align: justify;\"><span style=\"font-size: 14pt;\"><strong><span style=\"font-family: arial, helvetica, sans-serif;\">Manuel Toribio Garc\u00eda<\/span><\/strong><\/span><\/p>\n<p><span style=\"font-size: 12pt; font-family: arial, helvetica, sans-serif;\">\u00a0<\/span><\/p>\n<h4 style=\"text-align: justify;\"><span style=\"font-size: 12pt; font-family: arial, helvetica, sans-serif;\"><strong>Resumen<\/strong><\/span><span style=\"font-size: 12pt;\">\u00a0<\/span><\/h4>\n<p style=\"text-align: justify;\"><span style=\"font-size: 12pt; font-family: arial, helvetica, sans-serif;\">Continuando con la investigaci\u00f3n sobre la historia del Colegio Santa Catalina de Siena, antecedente del actual IES del mismo nombre, presentamos una exposici\u00f3n realizada en Noviembre de 2011 en nuestro centro, sobre el cine escolar que funcion\u00f3 en el mismo desde 1956 al menos hasta 1960, bajo el impulso del Obispo Fray Albino y realizado con curiosos documentos de nuestro propio archivo que muestran la finalidad did\u00e1ctica que se pretend\u00eda alcanzar, la organizaci\u00f3n, las pel\u00edculas que se proyectaron,etc&#8230;todo ello dentro de unas par\u00e1metros muy concretos, los de la escuela franquista en los tiempos del nacionalcatolicismo.<\/span><\/p>\n<p style=\"text-align: justify;\"><span style=\"font-size: small;\"><a href=\"http:\/\/revistaeco.cepcordoba.es\/wp-content\/uploads\/2018\/04\/Toribio10.pdf\"><img loading=\"lazy\" decoding=\"async\" class=\"aligncenter wp-image-2671 size-medium\" src=\"http:\/\/revistaeco.cepcordoba.es\/wp-content\/uploads\/2018\/04\/revistaCEP_numero10_portadA_DESCarga-212x300.png\" alt=\"\" width=\"212\" height=\"300\" srcset=\"http:\/\/revistaeco.cepcordoba.es\/wp-content\/uploads\/2018\/04\/revistaCEP_numero10_portadA_DESCarga-212x300.png 212w, http:\/\/revistaeco.cepcordoba.es\/wp-content\/uploads\/2018\/04\/revistaCEP_numero10_portadA_DESCarga-768x1086.png 768w, http:\/\/revistaeco.cepcordoba.es\/wp-content\/uploads\/2018\/04\/revistaCEP_numero10_portadA_DESCarga-724x1024.png 724w, http:\/\/revistaeco.cepcordoba.es\/wp-content\/uploads\/2018\/04\/revistaCEP_numero10_portadA_DESCarga.png 794w\" sizes=\"auto, (max-width: 212px) 100vw, 212px\" \/><\/a>\u00a0<\/span><\/p>\n<p style=\"text-align: center;\">\n","protected":false},"excerpt":{"rendered":"<p>Autor<br \/>\nManuel Toribio Garc\u00eda<\/p>\n<p>Resumen<\/p>\n<p>Continuando con la investigaci\u00f3n sobre la historia del Colegio Santa Catalina de Siena, antecedente del actual IES del mismo nombre, presentamos una exposici\u00f3n realizada en Noviembre de 2011 en nuestro centro, sobre el cine escolar que funcion\u00f3 en el mismo desde 1956 al menos hasta 1960, bajo el impulso del Obispo Fray Albino y realizado con curiosos documentos de nuestro propio archivo que muestran la finalidad did\u00e1ctica que se pretend\u00eda alcanzar, la organizaci\u00f3n, las pel\u00edculas que se proyectaron,etc&#8230;todo ello dentro de unas par\u00e1metros muy concretos, los de la escuela franquista en los tiempos del nacionalcatolicismo.<\/p><p><a class=\"more-link btn\" href=\"http:\/\/revistaeco.cepcordoba.es\/index.php\/2012\/12\/04\/mujer-y-franquismo-la-actuacion-de-la-seccion-femenina-en-el-colegio-santa-catalina-de-siena\/\">Seguir leyendo<\/a><\/p>\n","protected":false},"author":1,"featured_media":0,"comment_status":"open","ping_status":"open","sticky":false,"template":"","format":"standard","meta":{"jetpack_post_was_ever_published":false,"_jetpack_newsletter_access":"","_jetpack_dont_email_post_to_subs":false,"_jetpack_newsletter_tier_id":0,"_jetpack_memberships_contains_paywalled_content":false,"_jetpack_memberships_contains_paid_content":false,"footnotes":"","jetpack_publicize_message":"","jetpack_publicize_feature_enabled":true,"jetpack_social_post_already_shared":false,"jetpack_social_options":{"image_generator_settings":{"template":"highway","default_image_id":0,"font":"","enabled":false},"version":2}},"categories":[23],"tags":[339,341,98,340,342],"class_list":["post-622","post","type-post","status-publish","format-standard","hentry","category-articulos-e-co-numero-10","tag-cine-e-historia","tag-escuela-franquista","tag-historia-de-la-educacion","tag-mujer","tag-nacionalcatolicismo","nodate","item-wrap"],"jetpack_publicize_connections":[],"jetpack_featured_media_url":"","jetpack_sharing_enabled":true,"jetpack_shortlink":"https:\/\/wp.me\/p8j08t-a2","_links":{"self":[{"href":"http:\/\/revistaeco.cepcordoba.es\/index.php\/wp-json\/wp\/v2\/posts\/622","targetHints":{"allow":["GET"]}}],"collection":[{"href":"http:\/\/revistaeco.cepcordoba.es\/index.php\/wp-json\/wp\/v2\/posts"}],"about":[{"href":"http:\/\/revistaeco.cepcordoba.es\/index.php\/wp-json\/wp\/v2\/types\/post"}],"author":[{"embeddable":true,"href":"http:\/\/revistaeco.cepcordoba.es\/index.php\/wp-json\/wp\/v2\/users\/1"}],"replies":[{"embeddable":true,"href":"http:\/\/revistaeco.cepcordoba.es\/index.php\/wp-json\/wp\/v2\/comments?post=622"}],"version-history":[{"count":3,"href":"http:\/\/revistaeco.cepcordoba.es\/index.php\/wp-json\/wp\/v2\/posts\/622\/revisions"}],"predecessor-version":[{"id":2718,"href":"http:\/\/revistaeco.cepcordoba.es\/index.php\/wp-json\/wp\/v2\/posts\/622\/revisions\/2718"}],"wp:attachment":[{"href":"http:\/\/revistaeco.cepcordoba.es\/index.php\/wp-json\/wp\/v2\/media?parent=622"}],"wp:term":[{"taxonomy":"category","embeddable":true,"href":"http:\/\/revistaeco.cepcordoba.es\/index.php\/wp-json\/wp\/v2\/categories?post=622"},{"taxonomy":"post_tag","embeddable":true,"href":"http:\/\/revistaeco.cepcordoba.es\/index.php\/wp-json\/wp\/v2\/tags?post=622"}],"curies":[{"name":"wp","href":"https:\/\/api.w.org\/{rel}","templated":true}]}}