{"id":632,"date":"2013-01-21T12:54:13","date_gmt":"2013-01-21T12:54:13","guid":{"rendered":"http:\/\/revistaeco.cepcordoba.es\/index.php\/2013\/01\/21\/asesoria-de-educacion-infantil-reflexiones-compartidas\/"},"modified":"2018-04-26T04:27:39","modified_gmt":"2018-04-26T03:27:39","slug":"asesoria-de-educacion-infantil-reflexiones-compartidas","status":"publish","type":"post","link":"http:\/\/revistaeco.cepcordoba.es\/index.php\/2013\/01\/21\/asesoria-de-educacion-infantil-reflexiones-compartidas\/","title":{"rendered":"ASESOR\u00cdA DE EDUCACI\u00d3N INFANTIL: REFLEXIONES COMPARTIDAS."},"content":{"rendered":"<h4 style=\"margin-bottom: 0cm; text-align: justify;\"><span style=\"font-family: arial, helvetica, sans-serif; font-size: 12pt;\"><strong>AUTORA:\u00a0<\/strong><\/span><\/h4>\n<p>&nbsp;<\/p>\n<p style=\"margin-bottom: 0cm; text-align: justify;\"><span style=\"font-size: 14pt;\"><strong><span style=\"font-family: arial, helvetica, sans-serif;\">M\u00aa Carmen Lara Poveda<\/span><\/strong><\/span><\/p>\n<p style=\"margin-bottom: 0cm; text-align: justify;\"><span style=\"font-family: arial, helvetica, sans-serif; font-size: 12pt;\">Asesora de Educaci\u00f3n Infantil en el CEP de C\u00f3rdoba<br \/>\n<\/span><\/p>\n<p>&nbsp;<\/p>\n<h4 style=\"margin-bottom: 0cm; text-align: justify;\"><span style=\"font-family: arial, helvetica, sans-serif; font-size: 12pt;\"><strong>Resumen<\/strong><\/span><\/h4>\n<p style=\"margin-bottom: 0cm; font-weight: normal; text-align: justify;\" align=\"JUSTIFY\"><span style=\"font-family: arial, helvetica, sans-serif; font-size: 12pt;\">Visi\u00f3n de la Etapa de Educaci\u00f3n Infantil desde el punto de vista de la asesor\u00eda de formaci\u00f3n. Se contemplan aspectos como la detecci\u00f3n de necesidades, intereses del profesorado, autoformaci\u00f3n y gesti\u00f3n de actividades y recursos, principales objetivos con respecto a la actualizaci\u00f3n docente. Un reconocimiento a quienes siempre consideran en desarrollo sus competencias profesionales, a quien mantiene viva la ilusi\u00f3n y las ganas de intercambiar y aprender de los dem\u00e1s.<\/span><\/p>\n<p align=\"JUSTIFY\"><a href=\"http:\/\/revistaeco.cepcordoba.es\/wp-content\/uploads\/2018\/04\/Larapoveda.pdf\"><img loading=\"lazy\" decoding=\"async\" class=\"aligncenter wp-image-2671 size-medium\" src=\"http:\/\/revistaeco.cepcordoba.es\/wp-content\/uploads\/2018\/04\/revistaCEP_numero10_portadA_DESCarga-212x300.png\" alt=\"\" width=\"212\" height=\"300\" srcset=\"http:\/\/revistaeco.cepcordoba.es\/wp-content\/uploads\/2018\/04\/revistaCEP_numero10_portadA_DESCarga-212x300.png 212w, http:\/\/revistaeco.cepcordoba.es\/wp-content\/uploads\/2018\/04\/revistaCEP_numero10_portadA_DESCarga-768x1086.png 768w, http:\/\/revistaeco.cepcordoba.es\/wp-content\/uploads\/2018\/04\/revistaCEP_numero10_portadA_DESCarga-724x1024.png 724w, http:\/\/revistaeco.cepcordoba.es\/wp-content\/uploads\/2018\/04\/revistaCEP_numero10_portadA_DESCarga.png 794w\" sizes=\"auto, (max-width: 212px) 100vw, 212px\" \/><\/a><\/p>\n<p style=\"margin-bottom: 0cm; font-weight: normal;\" align=\"JUSTIFY\">\n","protected":false},"excerpt":{"rendered":"<p>Autora<br \/>\nM\u00aa Carmen Lara Poveda<br \/>\nAsesora de Educaci\u00f3n Infantil en el CEP de C\u00f3rdoba<\/p>\n<p>Resumen<br \/>\nVisi\u00f3n de la Etapa de Educaci\u00f3n Infantil desde el punto de vista de la asesor\u00eda de formaci\u00f3n. Se contemplan aspectos como la detecci\u00f3n de necesidades, intereses del profesorado, autoformaci\u00f3n y gesti\u00f3n de actividades y recursos, principales objetivos con respecto a la actualizaci\u00f3n docente. Un reconocimiento a quienes siempre consideran en desarrollo sus competencias profesionales, a quien mantiene viva la ilusi\u00f3n y las ganas de intercambiar y aprender de los dem\u00e1s.<\/p><p><a class=\"more-link btn\" href=\"http:\/\/revistaeco.cepcordoba.es\/index.php\/2013\/01\/21\/asesoria-de-educacion-infantil-reflexiones-compartidas\/\">Seguir leyendo<\/a><\/p>\n","protected":false},"author":1,"featured_media":0,"comment_status":"open","ping_status":"open","sticky":false,"template":"","format":"standard","meta":{"jetpack_post_was_ever_published":false,"_jetpack_newsletter_access":"","_jetpack_dont_email_post_to_subs":false,"_jetpack_newsletter_tier_id":0,"_jetpack_memberships_contains_paywalled_content":false,"_jetpack_memberships_contains_paid_content":false,"footnotes":"","jetpack_publicize_message":"","jetpack_publicize_feature_enabled":true,"jetpack_social_post_already_shared":false,"jetpack_social_options":{"image_generator_settings":{"template":"highway","default_image_id":0,"font":"","enabled":false},"version":2}},"categories":[24],"tags":[59,131],"class_list":["post-632","post","type-post","status-publish","format-standard","hentry","category-monografico-e-co-numero-10","tag-educacion-infantil","tag-formacion-del-profesorado","nodate","item-wrap"],"jetpack_publicize_connections":[],"jetpack_featured_media_url":"","jetpack_sharing_enabled":true,"jetpack_shortlink":"https:\/\/wp.me\/p8j08t-ac","_links":{"self":[{"href":"http:\/\/revistaeco.cepcordoba.es\/index.php\/wp-json\/wp\/v2\/posts\/632","targetHints":{"allow":["GET"]}}],"collection":[{"href":"http:\/\/revistaeco.cepcordoba.es\/index.php\/wp-json\/wp\/v2\/posts"}],"about":[{"href":"http:\/\/revistaeco.cepcordoba.es\/index.php\/wp-json\/wp\/v2\/types\/post"}],"author":[{"embeddable":true,"href":"http:\/\/revistaeco.cepcordoba.es\/index.php\/wp-json\/wp\/v2\/users\/1"}],"replies":[{"embeddable":true,"href":"http:\/\/revistaeco.cepcordoba.es\/index.php\/wp-json\/wp\/v2\/comments?post=632"}],"version-history":[{"count":3,"href":"http:\/\/revistaeco.cepcordoba.es\/index.php\/wp-json\/wp\/v2\/posts\/632\/revisions"}],"predecessor-version":[{"id":1915,"href":"http:\/\/revistaeco.cepcordoba.es\/index.php\/wp-json\/wp\/v2\/posts\/632\/revisions\/1915"}],"wp:attachment":[{"href":"http:\/\/revistaeco.cepcordoba.es\/index.php\/wp-json\/wp\/v2\/media?parent=632"}],"wp:term":[{"taxonomy":"category","embeddable":true,"href":"http:\/\/revistaeco.cepcordoba.es\/index.php\/wp-json\/wp\/v2\/categories?post=632"},{"taxonomy":"post_tag","embeddable":true,"href":"http:\/\/revistaeco.cepcordoba.es\/index.php\/wp-json\/wp\/v2\/tags?post=632"}],"curies":[{"name":"wp","href":"https:\/\/api.w.org\/{rel}","templated":true}]}}