{"id":690,"date":"2014-04-10T08:51:29","date_gmt":"2014-04-10T08:51:29","guid":{"rendered":"http:\/\/revistaeco.cepcordoba.es\/index.php\/2014\/04\/10\/europa-con-nuestra-voz-cambio-y-apertura-de-un-centro\/"},"modified":"2017-05-02T03:08:31","modified_gmt":"2017-05-02T02:08:31","slug":"europa-con-nuestra-voz-cambio-y-apertura-de-un-centro","status":"publish","type":"post","link":"http:\/\/revistaeco.cepcordoba.es\/index.php\/2014\/04\/10\/europa-con-nuestra-voz-cambio-y-apertura-de-un-centro\/","title":{"rendered":"\u201cEUROPA CON NUESTRA VOZ\u201d&#8230; CAMBIO Y APERTURA DE UN CENTRO."},"content":{"rendered":"<p style=\"text-align: justify;\"><span style=\"font-size: 12pt;\"><strong>Autora<\/strong>\u00a0<\/span><\/p>\n<p style=\"text-align: justify;\"><span style=\"font-size: 12pt;\">Mu\u00f1oz Rodr\u00edguez, Inmaculada<\/span><\/p>\n<p style=\"text-align: justify;\">\n<p style=\"text-align: justify;\"><span style=\"font-size: 12pt;\"><strong>Resumen <\/strong><\/span><\/p>\n<p style=\"text-align: justify;\"><span style=\"font-size: 12pt;\">C\u00f3mo se emprendi\u00f3 nuestra participaci\u00f3n en un Proyecto Comenius y c\u00f3mo cambi\u00f3 la din\u00e1mica de colaboraci\u00f3n y trabajo por toda la comunidad educativa en nuestro centro. El paso de nuestros miedos e inquietudes del principio, a la satisfacci\u00f3n que para todos ha supuesto participar unidos y abrirnos a otras realidades educativas Europeas.<\/span><\/p>\n<p>&nbsp;<\/p>\n<p style=\"text-align: center;\"><a href=\"http:\/\/revistaeco.cepcordoba.es\/wp-content\/uploads\/2014\/04\/munoz.pdf\" target=\"_blank\" rel=\"noopener noreferrer\"><img loading=\"lazy\" decoding=\"async\" class=\"aligncenter wp-image-1532 size-full\" src=\"http:\/\/revistaeco.cepcordoba.es\/wp-content\/uploads\/2017\/04\/revistaCEP_numero11_portada200.png\" alt=\"\" width=\"200\" height=\"283\" \/><\/a><\/p>\n","protected":false},"excerpt":{"rendered":"<p>Autora<br \/>\nMu\u00f1oz Rodr\u00edguez, Inmaculada<\/p>\n<p>Resumen<br \/>\nC\u00f3mo se emprendi\u00f3 nuestra participaci\u00f3n en un Proyecto Comenius y c\u00f3mo cambi\u00f3 la din\u00e1mica de colaboraci\u00f3n y trabajo por toda la comunidad educativa en nuestro centro. El paso de nuestros miedos e inquietudes del principio, a la satisfacci\u00f3n que para todos ha supuesto participar unidos y abrirnos a otras realidades educativas Europeas.<\/p><p><a class=\"more-link btn\" href=\"http:\/\/revistaeco.cepcordoba.es\/index.php\/2014\/04\/10\/europa-con-nuestra-voz-cambio-y-apertura-de-un-centro\/\">Seguir leyendo<\/a><\/p>\n","protected":false},"author":1,"featured_media":0,"comment_status":"open","ping_status":"open","sticky":false,"template":"","format":"standard","meta":{"jetpack_post_was_ever_published":false,"_jetpack_newsletter_access":"","_jetpack_dont_email_post_to_subs":false,"_jetpack_newsletter_tier_id":0,"_jetpack_memberships_contains_paywalled_content":false,"_jetpack_memberships_contains_paid_content":false,"footnotes":"","jetpack_publicize_message":"","jetpack_publicize_feature_enabled":true,"jetpack_social_post_already_shared":false,"jetpack_social_options":{"image_generator_settings":{"template":"highway","default_image_id":0,"font":"","enabled":false},"version":2}},"categories":[30],"tags":[323,326],"class_list":["post-690","post","type-post","status-publish","format-standard","hentry","category-monografico-e-co-numero-11","tag-programas-educativos-europeos","tag-proyecto-comenius","nodate","item-wrap"],"jetpack_publicize_connections":[],"jetpack_featured_media_url":"","jetpack_sharing_enabled":true,"jetpack_shortlink":"https:\/\/wp.me\/p8j08t-b8","_links":{"self":[{"href":"http:\/\/revistaeco.cepcordoba.es\/index.php\/wp-json\/wp\/v2\/posts\/690","targetHints":{"allow":["GET"]}}],"collection":[{"href":"http:\/\/revistaeco.cepcordoba.es\/index.php\/wp-json\/wp\/v2\/posts"}],"about":[{"href":"http:\/\/revistaeco.cepcordoba.es\/index.php\/wp-json\/wp\/v2\/types\/post"}],"author":[{"embeddable":true,"href":"http:\/\/revistaeco.cepcordoba.es\/index.php\/wp-json\/wp\/v2\/users\/1"}],"replies":[{"embeddable":true,"href":"http:\/\/revistaeco.cepcordoba.es\/index.php\/wp-json\/wp\/v2\/comments?post=690"}],"version-history":[{"count":2,"href":"http:\/\/revistaeco.cepcordoba.es\/index.php\/wp-json\/wp\/v2\/posts\/690\/revisions"}],"predecessor-version":[{"id":1848,"href":"http:\/\/revistaeco.cepcordoba.es\/index.php\/wp-json\/wp\/v2\/posts\/690\/revisions\/1848"}],"wp:attachment":[{"href":"http:\/\/revistaeco.cepcordoba.es\/index.php\/wp-json\/wp\/v2\/media?parent=690"}],"wp:term":[{"taxonomy":"category","embeddable":true,"href":"http:\/\/revistaeco.cepcordoba.es\/index.php\/wp-json\/wp\/v2\/categories?post=690"},{"taxonomy":"post_tag","embeddable":true,"href":"http:\/\/revistaeco.cepcordoba.es\/index.php\/wp-json\/wp\/v2\/tags?post=690"}],"curies":[{"name":"wp","href":"https:\/\/api.w.org\/{rel}","templated":true}]}}