{"id":1269,"date":"2017-04-19T18:22:15","date_gmt":"2017-04-19T17:22:15","guid":{"rendered":"http:\/\/revistaeco.cepcordoba.es\/?p=1269"},"modified":"2017-04-19T18:22:15","modified_gmt":"2017-04-19T17:22:15","slug":"la-transicion-espanola-una-propuesta-didactica","status":"publish","type":"post","link":"https:\/\/revistaeco.cepcordoba.es\/index.php\/2017\/04\/19\/la-transicion-espanola-una-propuesta-didactica\/","title":{"rendered":"LA TRANSICI\u00d3N ESPA\u00d1OLA, UNA PROPUESTA DID\u00c1CTICA."},"content":{"rendered":"<p class=\"western\" style=\"text-align: left;\" align=\"center\"><span style=\"font-family: Arial, serif;\"><span style=\"font-size: medium;\"><b>AUTOR:<\/b><\/span><\/span><\/p>\n<p class=\"western\" style=\"text-align: left;\" align=\"center\"><span style=\"font-family: Arial, serif;\"><span style=\"font-size: medium;\"><b>Rafael Gonzal\u00e9z Requena<\/b><\/span><\/span><\/p>\n<p class=\"western\" style=\"text-align: left;\" align=\"center\"><span style=\"font-family: Arial, serif;\"><span style=\"font-size: medium;\">IES Grupo C\u00e1ntico (C\u00f3rdoba)<\/span><\/span><\/p>\n<p class=\"western\" align=\"center\"><span style=\"color: #0000ff;\"><span style=\"font-family: Arial, serif;\"><span style=\"font-size: medium;\"><span lang=\"en-US\"><b>\u00a0<\/b><\/span><\/span><\/span><\/span><\/p>\n<p class=\"western\" align=\"justify\"><span style=\"color: #800000; font-size: 12pt;\"><span style=\"font-family: 'Liberation Sans', serif;\"><b>Resumen<\/b><\/span><\/span><\/p>\n<p class=\"western\" style=\"text-align: justify;\" align=\"justify\"><span style=\"font-family: 'Liberation Sans', serif;\"><span style=\"font-size: medium;\">Esta comunicaci\u00f3n propone una propuesta did\u00e1ctica para abordar el proceso de ense\u00f1anza-aprendizaje de la transici\u00f3n espa\u00f1ola a la democracia en la materia de Historia en E.S.O. y Bachillerato, profundizando en el periodo 1973 a 1977, incluyendo las \u00faltimas novedades historiogr\u00e1ficas y did\u00e1cticas para aportar al alumnado las claves interpretativas del periodo. <\/span><\/span><\/p>\n<p class=\"western\" align=\"justify\"><span style=\"color: #800000;\"><span style=\"font-family: 'Liberation Sans', serif;\"><span style=\"font-size: medium;\"><span lang=\"en-GB\"><b>Abstract<\/b><\/span><\/span><\/span><\/span><\/p>\n<p class=\"western\" style=\"text-align: justify;\" align=\"justify\"><span style=\"font-family: 'Liberation Sans', serif;\"><span style=\"font-size: medium;\"><span lang=\"en-US\">This paper proposes a didactic proposal to approach the teaching-learning process of the Spanish transition to democracy in History in E.S.O. and Bachillerato, deepening in the period 1973 to 1977, including the latest historiographical and didactic novelties to provide students with the interpretive keys of the period.<\/span><\/span><\/span><\/p>\n<p class=\"western\" align=\"justify\"><a href=\"http:\/\/revistaeco.cepcordoba.es\/wp-content\/uploads\/2017\/03\/Requena.pdf\" target=\"_blank\"><img loading=\"lazy\" decoding=\"async\" class=\"aligncenter wp-image-1257 size-medium\" src=\"http:\/\/revistaeco.cepcordoba.es\/wp-content\/uploads\/2017\/03\/revistaCEP_numero14_descarga-212x300.png\" alt=\"\" width=\"212\" height=\"300\" srcset=\"https:\/\/revistaeco.cepcordoba.es\/wp-content\/uploads\/2017\/03\/revistaCEP_numero14_descarga-212x300.png 212w, https:\/\/revistaeco.cepcordoba.es\/wp-content\/uploads\/2017\/03\/revistaCEP_numero14_descarga-768x1086.png 768w, https:\/\/revistaeco.cepcordoba.es\/wp-content\/uploads\/2017\/03\/revistaCEP_numero14_descarga-724x1024.png 724w, https:\/\/revistaeco.cepcordoba.es\/wp-content\/uploads\/2017\/03\/revistaCEP_numero14_descarga.png 794w\" sizes=\"auto, (max-width: 212px) 100vw, 212px\" \/><\/a><\/p>\n","protected":false},"excerpt":{"rendered":"<p>AUTOR:<br \/>\nRafael Gonzal\u00e9z Requena<\/p>\n<p>Resumen<br \/>\nEsta comunicaci\u00f3n propone una propuesta did\u00e1ctica para abordar el proceso de ense\u00f1anza-aprendizaje de la transici\u00f3n espa\u00f1ola a la democracia en la materia de Historia en E.S.O. y Bachillerato, profundizando en el periodo 1973 a 1977, incluyendo las \u00faltimas novedades historiogr\u00e1ficas y did\u00e1cticas para aportar al alumnado las claves interpretativas del periodo.<\/p><p><a class=\"more-link btn\" href=\"https:\/\/revistaeco.cepcordoba.es\/index.php\/2017\/04\/19\/la-transicion-espanola-una-propuesta-didactica\/\">Seguir leyendo<\/a><\/p>\n","protected":false},"author":2,"featured_media":0,"comment_status":"closed","ping_status":"closed","sticky":false,"template":"","format":"standard","meta":{"jetpack_post_was_ever_published":false,"_jetpack_newsletter_access":"","_jetpack_dont_email_post_to_subs":false,"_jetpack_newsletter_tier_id":0,"_jetpack_memberships_contains_paywalled_content":false,"_jetpack_memberships_contains_paid_content":false,"footnotes":"","jetpack_publicize_message":"","jetpack_publicize_feature_enabled":true,"jetpack_social_post_already_shared":true,"jetpack_social_options":{"image_generator_settings":{"template":"highway","default_image_id":0,"font":"","enabled":false},"version":2}},"categories":[77,76],"tags":[94,96,97,95],"class_list":["post-1269","post","type-post","status-publish","format-standard","hentry","category-articulos-e-co-numero-14","category-e-co-numero-14","tag-memoria-democratica","tag-propuesta-didactica","tag-reflexion-historica","tag-transicion","nodate","item-wrap"],"jetpack_publicize_connections":[],"jetpack_featured_media_url":"","jetpack_sharing_enabled":true,"jetpack_shortlink":"https:\/\/wp.me\/p8j08t-kt","_links":{"self":[{"href":"https:\/\/revistaeco.cepcordoba.es\/index.php\/wp-json\/wp\/v2\/posts\/1269","targetHints":{"allow":["GET"]}}],"collection":[{"href":"https:\/\/revistaeco.cepcordoba.es\/index.php\/wp-json\/wp\/v2\/posts"}],"about":[{"href":"https:\/\/revistaeco.cepcordoba.es\/index.php\/wp-json\/wp\/v2\/types\/post"}],"author":[{"embeddable":true,"href":"https:\/\/revistaeco.cepcordoba.es\/index.php\/wp-json\/wp\/v2\/users\/2"}],"replies":[{"embeddable":true,"href":"https:\/\/revistaeco.cepcordoba.es\/index.php\/wp-json\/wp\/v2\/comments?post=1269"}],"version-history":[{"count":2,"href":"https:\/\/revistaeco.cepcordoba.es\/index.php\/wp-json\/wp\/v2\/posts\/1269\/revisions"}],"predecessor-version":[{"id":1477,"href":"https:\/\/revistaeco.cepcordoba.es\/index.php\/wp-json\/wp\/v2\/posts\/1269\/revisions\/1477"}],"wp:attachment":[{"href":"https:\/\/revistaeco.cepcordoba.es\/index.php\/wp-json\/wp\/v2\/media?parent=1269"}],"wp:term":[{"taxonomy":"category","embeddable":true,"href":"https:\/\/revistaeco.cepcordoba.es\/index.php\/wp-json\/wp\/v2\/categories?post=1269"},{"taxonomy":"post_tag","embeddable":true,"href":"https:\/\/revistaeco.cepcordoba.es\/index.php\/wp-json\/wp\/v2\/tags?post=1269"}],"curies":[{"name":"wp","href":"https:\/\/api.w.org\/{rel}","templated":true}]}}