{"id":1342,"date":"2017-04-19T18:09:24","date_gmt":"2017-04-19T17:09:24","guid":{"rendered":"http:\/\/revistaeco.cepcordoba.es\/?p=1342"},"modified":"2017-04-19T18:09:24","modified_gmt":"2017-04-19T17:09:24","slug":"evolucion-de-la-didactica-de-la-educacion-fisica","status":"publish","type":"post","link":"https:\/\/revistaeco.cepcordoba.es\/index.php\/2017\/04\/19\/evolucion-de-la-didactica-de-la-educacion-fisica\/","title":{"rendered":"EVOLUCI\u00d3N DE LA DID\u00c1CTICA DE LA EDUCACI\u00d3N F\u00cdSICA."},"content":{"rendered":"<p class=\"western\" style=\"text-align: left;\" align=\"center\"><span style=\"font-family: 'Liberation Sans', serif; font-size: 12pt;\"><b>AUTOR:<\/b><\/span><\/p>\n<p class=\"western\" style=\"text-align: left;\" align=\"center\"><span style=\"font-family: 'Liberation Sans', serif; font-size: 12pt;\"><b>Ra\u00fal Landa Navarro<\/b><\/span><\/p>\n<p class=\"western\" style=\"text-align: left;\" align=\"center\"><span style=\"font-family: 'Liberation Sans', serif; font-size: 12pt;\">CEP de C\u00f3rdoba<\/span><\/p>\n<p>&nbsp;<\/p>\n<p class=\"western\" style=\"text-align: left;\" align=\"center\"><span style=\"color: #c00000; font-size: 12pt;\"><span style=\"font-family: 'Liberation Sans', serif;\"><b>Resumen<\/b><\/span><\/span><\/p>\n<p class=\"western\" style=\"text-align: justify;\" align=\"justify\"><span style=\"font-family: 'Liberation Sans', serif;\"><span style=\"font-size: medium;\">Una mirada personal retrospectiva a la did\u00e1ctica de la Educaci\u00f3n F\u00edsica desde los a\u00f1os 80 hasta la actualidad, unida a unas perspectivas futuras cambiantes, reflejan el enorme cambio metodol\u00f3gico realizado por el profesorado de Educaci\u00f3n F\u00edsica en estos a\u00f1os y la flexibilidad como caracter\u00edstica principal para afrontar los futuros retos. <\/span><\/span><\/p>\n<p class=\"western\" align=\"justify\"><span style=\"color: #c00000;\"><span style=\"font-family: 'Liberation Sans', serif;\"><span style=\"font-size: medium;\"><span lang=\"en-GB\"><b>Abstract<\/b><\/span><\/span><\/span><\/span><\/p>\n<p class=\"western\" style=\"text-align: justify;\" align=\"justify\"><span style=\"color: #212121;\"><span style=\"font-family: 'Liberation Sans', serif;\"><span style=\"font-size: medium;\"><span lang=\"en\">A retrospective personal look at the didactics of Physical Education since the 1980s to the present, linked to changing future perspectives, reflect the enormous methodological change made by Physical Education teachers throughout these years and flexibility as the main characteristic to face the future challenges.<\/span><\/span><\/span><\/span><\/p>\n<p class=\"western\" align=\"justify\"><a href=\"http:\/\/revistaeco.cepcordoba.es\/wp-content\/uploads\/2017\/04\/Landa.pdf\" target=\"_blank\"><img loading=\"lazy\" decoding=\"async\" class=\"aligncenter wp-image-1257 size-medium\" src=\"http:\/\/revistaeco.cepcordoba.es\/wp-content\/uploads\/2017\/03\/revistaCEP_numero14_descarga-212x300.png\" alt=\"\" width=\"212\" height=\"300\" srcset=\"https:\/\/revistaeco.cepcordoba.es\/wp-content\/uploads\/2017\/03\/revistaCEP_numero14_descarga-212x300.png 212w, https:\/\/revistaeco.cepcordoba.es\/wp-content\/uploads\/2017\/03\/revistaCEP_numero14_descarga-768x1086.png 768w, https:\/\/revistaeco.cepcordoba.es\/wp-content\/uploads\/2017\/03\/revistaCEP_numero14_descarga-724x1024.png 724w, https:\/\/revistaeco.cepcordoba.es\/wp-content\/uploads\/2017\/03\/revistaCEP_numero14_descarga.png 794w\" sizes=\"auto, (max-width: 212px) 100vw, 212px\" \/><\/a><\/p>\n","protected":false},"excerpt":{"rendered":"<p>AUTOR:<br \/>\nRa\u00fal Landa Navarro<\/p>\n<p>Resumen<br \/>\nUna mirada personal retrospectiva a la did\u00e1ctica de la Educaci\u00f3n F\u00edsica desde los a\u00f1os 80 hasta la actualidad, unida a unas perspectivas futuras cambiantes, reflejan el enorme cambio metodol\u00f3gico realizado por el profesorado de Educaci\u00f3n F\u00edsica en estos a\u00f1os y la flexibilidad como caracter\u00edstica principal para afrontar los futuros retos.<\/p><p><a class=\"more-link btn\" href=\"https:\/\/revistaeco.cepcordoba.es\/index.php\/2017\/04\/19\/evolucion-de-la-didactica-de-la-educacion-fisica\/\">Seguir leyendo<\/a><\/p>\n","protected":false},"author":2,"featured_media":0,"comment_status":"closed","ping_status":"closed","sticky":false,"template":"","format":"standard","meta":{"jetpack_post_was_ever_published":false,"_jetpack_newsletter_access":"","_jetpack_dont_email_post_to_subs":false,"_jetpack_newsletter_tier_id":0,"_jetpack_memberships_contains_paywalled_content":false,"_jetpack_memberships_contains_paid_content":false,"footnotes":"","jetpack_publicize_message":"","jetpack_publicize_feature_enabled":true,"jetpack_social_post_already_shared":true,"jetpack_social_options":{"image_generator_settings":{"template":"highway","default_image_id":0,"font":"","enabled":false},"version":2}},"categories":[76,79],"tags":[91,184,131,183],"class_list":["post-1342","post","type-post","status-publish","format-standard","hentry","category-e-co-numero-14","category-monografico-e-co-numero-14","tag-didactica","tag-educacion-fisica","tag-formacion-del-profesorado","tag-historia","nodate","item-wrap"],"jetpack_publicize_connections":[],"jetpack_featured_media_url":"","jetpack_sharing_enabled":true,"jetpack_shortlink":"https:\/\/wp.me\/p8j08t-lE","_links":{"self":[{"href":"https:\/\/revistaeco.cepcordoba.es\/index.php\/wp-json\/wp\/v2\/posts\/1342","targetHints":{"allow":["GET"]}}],"collection":[{"href":"https:\/\/revistaeco.cepcordoba.es\/index.php\/wp-json\/wp\/v2\/posts"}],"about":[{"href":"https:\/\/revistaeco.cepcordoba.es\/index.php\/wp-json\/wp\/v2\/types\/post"}],"author":[{"embeddable":true,"href":"https:\/\/revistaeco.cepcordoba.es\/index.php\/wp-json\/wp\/v2\/users\/2"}],"replies":[{"embeddable":true,"href":"https:\/\/revistaeco.cepcordoba.es\/index.php\/wp-json\/wp\/v2\/comments?post=1342"}],"version-history":[{"count":2,"href":"https:\/\/revistaeco.cepcordoba.es\/index.php\/wp-json\/wp\/v2\/posts\/1342\/revisions"}],"predecessor-version":[{"id":1456,"href":"https:\/\/revistaeco.cepcordoba.es\/index.php\/wp-json\/wp\/v2\/posts\/1342\/revisions\/1456"}],"wp:attachment":[{"href":"https:\/\/revistaeco.cepcordoba.es\/index.php\/wp-json\/wp\/v2\/media?parent=1342"}],"wp:term":[{"taxonomy":"category","embeddable":true,"href":"https:\/\/revistaeco.cepcordoba.es\/index.php\/wp-json\/wp\/v2\/categories?post=1342"},{"taxonomy":"post_tag","embeddable":true,"href":"https:\/\/revistaeco.cepcordoba.es\/index.php\/wp-json\/wp\/v2\/tags?post=1342"}],"curies":[{"name":"wp","href":"https:\/\/api.w.org\/{rel}","templated":true}]}}