{"id":144,"date":"2010-09-28T17:51:27","date_gmt":"2010-09-28T17:51:27","guid":{"rendered":"http:\/\/revistaeco.cepcordoba.es\/index.php\/2010\/09\/28\/los-docentes-y-el-aprendizaje-permanente-el-ejemplo-del-programa-grundtvig\/"},"modified":"2018-05-21T03:46:36","modified_gmt":"2018-05-21T02:46:36","slug":"los-docentes-y-el-aprendizaje-permanente-el-ejemplo-del-programa-grundtvig","status":"publish","type":"post","link":"https:\/\/revistaeco.cepcordoba.es\/index.php\/2010\/09\/28\/los-docentes-y-el-aprendizaje-permanente-el-ejemplo-del-programa-grundtvig\/","title":{"rendered":"LOS DOCENTES Y EL APRENDIZAJE PERMANENTE. EL EJEMPLO DEL PROGRAMA GRUNDTVIG."},"content":{"rendered":"<h4 style=\"text-align: justify;\"><span style=\"font-size: 12pt;\"><span style=\"font-family: arial,helvetica,sans-serif;\"><strong><span style=\"color: #800000;\">AUTORA:<\/span><br \/>\n<\/strong><\/span><\/span><\/h4>\n<p style=\"text-align: justify;\"><span style=\"font-size: 12pt;\"><span style=\"font-family: arial,helvetica,sans-serif;\"><span style=\"font-size: 14pt;\"><strong>M\u00aa Dolores Mellado Romera<\/strong><\/span><br \/>\n<\/span><\/span><\/p>\n<h4 style=\"text-align: justify;\"><span style=\"font-size: 12pt;\"><span style=\"font-family: arial,helvetica,sans-serif;\"><strong><span style=\"color: #800000;\">Resumen<\/span><br \/>\n<\/strong><\/span><\/span><\/h4>\n<p style=\"text-align: justify;\"><span style=\"font-size: 12pt;\"><span style=\"font-family: arial,helvetica,sans-serif;\">Se est\u00e1 produciendo un gran cambio en Espa\u00f1a y en Europa. Es necesario que la innovaci\u00f3n y el conocimiento cada vez sean m\u00e1s valorados en nuestra sociedad y en la econom\u00eda actual. De hecho, esto constituye uno de los factores principales para la transformaci\u00f3n de la Uni\u00f3n Europea en una econom\u00eda din\u00e1mica y basada en el conocimiento. El Programa de aprendizaje permanente (PAP) pretende contribuir a este objetivo facilitando la cooperaci\u00f3n entre los sistemas de educaci\u00f3n de los pa\u00edses europeos. En este art\u00edculo, presento mi experiencia como profesora de secundaria en el campo del PAP centr\u00e1ndome en la educaci\u00f3n de adultos (programa Grundtvig).<\/span><\/span><\/p>\n<p><a href=\"http:\/\/revistaeco.cepcordoba.es\/wp-content\/uploads\/2018\/05\/Mellado.pdf\"><img loading=\"lazy\" decoding=\"async\" class=\"aligncenter wp-image-2870 size-medium\" src=\"http:\/\/revistaeco.cepcordoba.es\/wp-content\/uploads\/2018\/05\/revistaCEP_numero8_portada-212x300.png\" alt=\"\" width=\"212\" height=\"300\" srcset=\"https:\/\/revistaeco.cepcordoba.es\/wp-content\/uploads\/2018\/05\/revistaCEP_numero8_portada-212x300.png 212w, https:\/\/revistaeco.cepcordoba.es\/wp-content\/uploads\/2018\/05\/revistaCEP_numero8_portada-768x1086.png 768w, https:\/\/revistaeco.cepcordoba.es\/wp-content\/uploads\/2018\/05\/revistaCEP_numero8_portada-724x1024.png 724w, https:\/\/revistaeco.cepcordoba.es\/wp-content\/uploads\/2018\/05\/revistaCEP_numero8_portada.png 794w\" sizes=\"auto, (max-width: 212px) 100vw, 212px\" \/><\/a><\/p>\n","protected":false},"excerpt":{"rendered":"<p>AUTORA<br \/>\nM\u00aa Dolores Mellado Romera<br \/>\nResumen<br \/>\nSe est\u00e1 produciendo un gran cambio en Espa\u00f1a y en Europa. Es necesario que la innovaci\u00f3n y el conocimiento cada vez sean m\u00e1s valorados en nuestra sociedad y en la econom\u00eda actual. De hecho, esto constituye uno de los factores principales para la transformaci\u00f3n de la Uni\u00f3n Europea en una econom\u00eda din\u00e1mica y basada en el conocimiento. El Programa de aprendizaje permanente (PAP) pretende contribuir a este objetivo facilitando la cooperaci\u00f3n entre los sistemas de educaci\u00f3n de los pa\u00edses europeos. En este art\u00edculo, presento mi experiencia como profesora de secundaria en el campo del PAP centr\u00e1ndome en la educaci\u00f3n de adultos (programa Grundtvig).<\/p><p><a class=\"more-link btn\" href=\"https:\/\/revistaeco.cepcordoba.es\/index.php\/2010\/09\/28\/los-docentes-y-el-aprendizaje-permanente-el-ejemplo-del-programa-grundtvig\/\">Seguir leyendo<\/a><\/p>\n","protected":false},"author":1,"featured_media":0,"comment_status":"open","ping_status":"open","sticky":false,"template":"","format":"standard","meta":{"jetpack_post_was_ever_published":false,"_jetpack_newsletter_access":"","_jetpack_dont_email_post_to_subs":false,"_jetpack_newsletter_tier_id":0,"_jetpack_memberships_contains_paywalled_content":false,"_jetpack_memberships_contains_paid_content":false,"footnotes":"","jetpack_publicize_message":"","jetpack_publicize_feature_enabled":true,"jetpack_social_post_already_shared":false,"jetpack_social_options":{"image_generator_settings":{"template":"highway","default_image_id":0,"font":"","enabled":false},"version":2}},"categories":[17],"tags":[61,131,410],"class_list":["post-144","post","type-post","status-publish","format-standard","hentry","category-articulos-e-co-numero-8","tag-educacion-permanente","tag-formacion-del-profesorado","tag-programas-europeos","nodate","item-wrap"],"jetpack_publicize_connections":[],"jetpack_featured_media_url":"","jetpack_sharing_enabled":true,"jetpack_shortlink":"https:\/\/wp.me\/p8j08t-2k","_links":{"self":[{"href":"https:\/\/revistaeco.cepcordoba.es\/index.php\/wp-json\/wp\/v2\/posts\/144","targetHints":{"allow":["GET"]}}],"collection":[{"href":"https:\/\/revistaeco.cepcordoba.es\/index.php\/wp-json\/wp\/v2\/posts"}],"about":[{"href":"https:\/\/revistaeco.cepcordoba.es\/index.php\/wp-json\/wp\/v2\/types\/post"}],"author":[{"embeddable":true,"href":"https:\/\/revistaeco.cepcordoba.es\/index.php\/wp-json\/wp\/v2\/users\/1"}],"replies":[{"embeddable":true,"href":"https:\/\/revistaeco.cepcordoba.es\/index.php\/wp-json\/wp\/v2\/comments?post=144"}],"version-history":[{"count":3,"href":"https:\/\/revistaeco.cepcordoba.es\/index.php\/wp-json\/wp\/v2\/posts\/144\/revisions"}],"predecessor-version":[{"id":2100,"href":"https:\/\/revistaeco.cepcordoba.es\/index.php\/wp-json\/wp\/v2\/posts\/144\/revisions\/2100"}],"wp:attachment":[{"href":"https:\/\/revistaeco.cepcordoba.es\/index.php\/wp-json\/wp\/v2\/media?parent=144"}],"wp:term":[{"taxonomy":"category","embeddable":true,"href":"https:\/\/revistaeco.cepcordoba.es\/index.php\/wp-json\/wp\/v2\/categories?post=144"},{"taxonomy":"post_tag","embeddable":true,"href":"https:\/\/revistaeco.cepcordoba.es\/index.php\/wp-json\/wp\/v2\/tags?post=144"}],"curies":[{"name":"wp","href":"https:\/\/api.w.org\/{rel}","templated":true}]}}