{"id":216,"date":"2010-10-19T19:22:10","date_gmt":"2010-10-19T19:22:10","guid":{"rendered":"http:\/\/revistaeco.cepcordoba.es\/index.php\/2010\/10\/19\/la-cadera-de-eva\/"},"modified":"2018-06-09T04:27:12","modified_gmt":"2018-06-09T03:27:12","slug":"la-cadera-de-eva","status":"publish","type":"post","link":"https:\/\/revistaeco.cepcordoba.es\/index.php\/2010\/10\/19\/la-cadera-de-eva\/","title":{"rendered":"RESE\u00d1A: LA CADERA DE EVA."},"content":{"rendered":"<p><span style=\"font-size: 12pt; font-family: arial, helvetica, sans-serif;\"><strong>T\u00cdTULO: LA CADERA DE EVA (2009)<\/strong><\/span><\/p>\n<p><span style=\"font-size: 12pt; font-family: arial, helvetica, sans-serif;\"><strong>AUTOR: Jos\u00e9 Enrique Campillo \u00c1lvarez\u00a0<\/strong><\/span><\/p>\n<p><span style=\"font-size: 12pt; font-family: arial, helvetica, sans-serif;\">Editorial Drakontos Bolsillo, 2009.<\/span><\/p>\n<p><span style=\"font-family: arial, helvetica, sans-serif;\"><strong>AUTORA DE LA RESE\u00d1A:\u00a0Rosa M\u00aa Solano Fern\u00e1ndez<\/strong><\/span><\/p>\n<p>&nbsp;<\/p>\n<p><img loading=\"lazy\" decoding=\"async\" class=\" alignleft wp-image-215\" src=\"http:\/\/revistaeco.cepcordoba.es\/wp-content\/uploads\/2010\/10\/la%20cadera%20de%20eva.jpg\" alt=\"alt\" width=\"196\" height=\"298\" align=\"left\" \/><\/p>\n<p><a href=\"http:\/\/revistaeco.cepcordoba.es\/wp-content\/uploads\/2018\/06\/Rese\u00f1a72.pdf\"><img loading=\"lazy\" decoding=\"async\" class=\"aligncenter wp-image-2986 size-medium\" src=\"http:\/\/revistaeco.cepcordoba.es\/wp-content\/uploads\/2018\/05\/revistaCEP_numero7_portada_descarga-212x300.png\" alt=\"\" width=\"212\" height=\"300\" srcset=\"https:\/\/revistaeco.cepcordoba.es\/wp-content\/uploads\/2018\/05\/revistaCEP_numero7_portada_descarga-212x300.png 212w, https:\/\/revistaeco.cepcordoba.es\/wp-content\/uploads\/2018\/05\/revistaCEP_numero7_portada_descarga-768x1086.png 768w, https:\/\/revistaeco.cepcordoba.es\/wp-content\/uploads\/2018\/05\/revistaCEP_numero7_portada_descarga-724x1024.png 724w, https:\/\/revistaeco.cepcordoba.es\/wp-content\/uploads\/2018\/05\/revistaCEP_numero7_portada_descarga.png 794w\" sizes=\"auto, (max-width: 212px) 100vw, 212px\" \/><\/a><\/p>\n<p>&nbsp;<\/p>\n<p>&nbsp;<\/p>\n<p>&nbsp;<\/p>\n<p>&nbsp;<\/p>\n<p style=\"text-align: right;\">\n","protected":false},"excerpt":{"rendered":"<p>T\u00cdTULO: LA CADERA DE EVA (2009) AUTOR: Jos\u00e9 Enrique Campillo \u00c1lvarez\u00a0 Editorial Drakontos Bolsillo, 2009. AUTORA DE LA RESE\u00d1A:\u00a0Rosa M\u00aa Solano Fern\u00e1ndez &nbsp; &nbsp; &nbsp; &nbsp; &nbsp;<\/p>\n","protected":false},"author":1,"featured_media":0,"comment_status":"open","ping_status":"open","sticky":false,"template":"","format":"standard","meta":{"jetpack_post_was_ever_published":false,"_jetpack_newsletter_access":"","_jetpack_dont_email_post_to_subs":false,"_jetpack_newsletter_tier_id":0,"_jetpack_memberships_contains_paywalled_content":false,"_jetpack_memberships_contains_paid_content":false,"footnotes":"","jetpack_publicize_message":"","jetpack_publicize_feature_enabled":true,"jetpack_social_post_already_shared":false,"jetpack_social_options":{"image_generator_settings":{"template":"highway","default_image_id":0,"font":"","enabled":false},"version":2}},"categories":[13],"tags":[294,165],"class_list":["post-216","post","type-post","status-publish","format-standard","hentry","category-resenas","tag-educacion-para-la-salud","tag-resena","nodate","item-wrap"],"jetpack_publicize_connections":[],"jetpack_featured_media_url":"","jetpack_sharing_enabled":true,"jetpack_shortlink":"https:\/\/wp.me\/p8j08t-3u","_links":{"self":[{"href":"https:\/\/revistaeco.cepcordoba.es\/index.php\/wp-json\/wp\/v2\/posts\/216","targetHints":{"allow":["GET"]}}],"collection":[{"href":"https:\/\/revistaeco.cepcordoba.es\/index.php\/wp-json\/wp\/v2\/posts"}],"about":[{"href":"https:\/\/revistaeco.cepcordoba.es\/index.php\/wp-json\/wp\/v2\/types\/post"}],"author":[{"embeddable":true,"href":"https:\/\/revistaeco.cepcordoba.es\/index.php\/wp-json\/wp\/v2\/users\/1"}],"replies":[{"embeddable":true,"href":"https:\/\/revistaeco.cepcordoba.es\/index.php\/wp-json\/wp\/v2\/comments?post=216"}],"version-history":[{"count":4,"href":"https:\/\/revistaeco.cepcordoba.es\/index.php\/wp-json\/wp\/v2\/posts\/216\/revisions"}],"predecessor-version":[{"id":2253,"href":"https:\/\/revistaeco.cepcordoba.es\/index.php\/wp-json\/wp\/v2\/posts\/216\/revisions\/2253"}],"wp:attachment":[{"href":"https:\/\/revistaeco.cepcordoba.es\/index.php\/wp-json\/wp\/v2\/media?parent=216"}],"wp:term":[{"taxonomy":"category","embeddable":true,"href":"https:\/\/revistaeco.cepcordoba.es\/index.php\/wp-json\/wp\/v2\/categories?post=216"},{"taxonomy":"post_tag","embeddable":true,"href":"https:\/\/revistaeco.cepcordoba.es\/index.php\/wp-json\/wp\/v2\/tags?post=216"}],"curies":[{"name":"wp","href":"https:\/\/api.w.org\/{rel}","templated":true}]}}