{"id":223,"date":"2010-10-04T23:00:00","date_gmt":"2010-10-04T23:00:00","guid":{"rendered":"http:\/\/revistaeco.cepcordoba.es\/index.php\/2010\/10\/04\/amigos-para-siempre-biblioteca-escolar-y-biblioteca-publica\/"},"modified":"2018-06-08T12:07:40","modified_gmt":"2018-06-08T11:07:40","slug":"amigos-para-siempre-biblioteca-escolar-y-biblioteca-publica","status":"publish","type":"post","link":"https:\/\/revistaeco.cepcordoba.es\/index.php\/2010\/10\/04\/amigos-para-siempre-biblioteca-escolar-y-biblioteca-publica\/","title":{"rendered":"AMIGOS PARA SIEMPRE. BIBLIOTECA ESCOLAR Y BIBLIOTECA P\u00daBLICA."},"content":{"rendered":"<h4 style=\"text-align: justify;\"><span style=\"color: #800000; font-size: 12pt; font-family: arial, helvetica, sans-serif;\"><strong>AUTOR:<\/strong><\/span><\/h4>\n<p style=\"text-align: justify;\"><span style=\"font-size: 14pt;\"><strong><span style=\"font-family: arial, helvetica, sans-serif;\">Rafael Ruiz P\u00e9rez<\/span><\/strong><\/span><\/p>\n<p style=\"text-align: justify;\"><span style=\"font-size: 12pt; font-family: arial, helvetica, sans-serif;\">Director de la Red Municipal de Bibliotecas de C\u00f3rdoba<\/span><\/p>\n<p style=\"text-align: justify;\"><strong><span style=\"font-size: 12pt; font-family: arial, helvetica, sans-serif; color: #000080;\"><a style=\"color: #000080;\" href=\"mailto:rafael.ruiz@ayuncordoba.es\">rafael.ruiz@ayuncordoba.es<\/a><\/span><\/strong><\/p>\n<p style=\"text-align: justify;\"><span style=\"font-size: 12pt; font-family: arial, helvetica, sans-serif;\">\u00a0\u00a0<\/span><\/p>\n<h4 style=\"text-align: justify;\"><span style=\"color: #800000; font-size: 12pt; font-family: arial, helvetica, sans-serif;\"><strong>Resumen<\/strong><\/span><\/h4>\n<p style=\"text-align: justify;\"><span style=\"font-size: 12pt; font-family: arial, helvetica, sans-serif;\">Se analiza la funci\u00f3n de la biblioteca en la educaci\u00f3n formal y en el aprendizaje a lo largo de la vida, especialmente en su capacidad para fundamentar la educaci\u00f3n formal. Se sit\u00faa a la biblioteca escolar en el marco del sistema bibliotecario de Andaluc\u00eda, argumentando las razones que motivan la colaboraci\u00f3n con la biblioteca p\u00fablica y se apuntan las principales l\u00edneas de colaboraci\u00f3n.<\/span><\/p>\n<p>&nbsp;<\/p>\n<p><a href=\"http:\/\/revistaeco.cepcordoba.es\/wp-content\/uploads\/2018\/06\/RuizPerez.pdf\"><img loading=\"lazy\" decoding=\"async\" class=\"aligncenter wp-image-2986 size-medium\" src=\"http:\/\/revistaeco.cepcordoba.es\/wp-content\/uploads\/2018\/05\/revistaCEP_numero7_portada_descarga-212x300.png\" alt=\"\" width=\"212\" height=\"300\" srcset=\"https:\/\/revistaeco.cepcordoba.es\/wp-content\/uploads\/2018\/05\/revistaCEP_numero7_portada_descarga-212x300.png 212w, https:\/\/revistaeco.cepcordoba.es\/wp-content\/uploads\/2018\/05\/revistaCEP_numero7_portada_descarga-768x1086.png 768w, https:\/\/revistaeco.cepcordoba.es\/wp-content\/uploads\/2018\/05\/revistaCEP_numero7_portada_descarga-724x1024.png 724w, https:\/\/revistaeco.cepcordoba.es\/wp-content\/uploads\/2018\/05\/revistaCEP_numero7_portada_descarga.png 794w\" sizes=\"auto, (max-width: 212px) 100vw, 212px\" \/><\/a><\/p>\n","protected":false},"excerpt":{"rendered":"<p>AUTOR<br \/>\nRafael Ruiz P\u00e9rez<\/p>\n<p>Resumen<br \/>\nSe analiza la funci\u00f3n de la biblioteca en la educaci\u00f3n formal y en el aprendizaje a lo largo de la vida, especialmente en su capacidad para fundamentar la educaci\u00f3n formal. Se sit\u00faa a la biblioteca escolar en el marco del sistema bibliotecario de Andaluc\u00eda, argumentando las razones que motivan la colaboraci\u00f3n con la biblioteca p\u00fablica y se apuntan las principales l\u00edneas de colaboraci\u00f3n.<\/p><p><a class=\"more-link btn\" href=\"https:\/\/revistaeco.cepcordoba.es\/index.php\/2010\/10\/04\/amigos-para-siempre-biblioteca-escolar-y-biblioteca-publica\/\">Seguir leyendo<\/a><\/p>\n","protected":false},"author":1,"featured_media":0,"comment_status":"open","ping_status":"open","sticky":false,"template":"","format":"standard","meta":{"jetpack_post_was_ever_published":false,"_jetpack_newsletter_access":"","_jetpack_dont_email_post_to_subs":false,"_jetpack_newsletter_tier_id":0,"_jetpack_memberships_contains_paywalled_content":false,"_jetpack_memberships_contains_paid_content":false,"footnotes":"","jetpack_publicize_message":"","jetpack_publicize_feature_enabled":true,"jetpack_social_post_already_shared":false,"jetpack_social_options":{"image_generator_settings":{"template":"highway","default_image_id":0,"font":"","enabled":false},"version":2}},"categories":[15],"tags":[477,478,481,479,480],"class_list":["post-223","post","type-post","status-publish","format-standard","hentry","category-monografico","tag-biblioteca-escolares","tag-bibliotecas-publicas","tag-colaboracion-bibliotecas-publicas-bibliotecas-escolares","tag-educacion-documental","tag-sistema-bibliotecario-de-andalucia","nodate","item-wrap"],"jetpack_publicize_connections":[],"jetpack_featured_media_url":"","jetpack_sharing_enabled":true,"jetpack_shortlink":"https:\/\/wp.me\/p8j08t-3B","_links":{"self":[{"href":"https:\/\/revistaeco.cepcordoba.es\/index.php\/wp-json\/wp\/v2\/posts\/223","targetHints":{"allow":["GET"]}}],"collection":[{"href":"https:\/\/revistaeco.cepcordoba.es\/index.php\/wp-json\/wp\/v2\/posts"}],"about":[{"href":"https:\/\/revistaeco.cepcordoba.es\/index.php\/wp-json\/wp\/v2\/types\/post"}],"author":[{"embeddable":true,"href":"https:\/\/revistaeco.cepcordoba.es\/index.php\/wp-json\/wp\/v2\/users\/1"}],"replies":[{"embeddable":true,"href":"https:\/\/revistaeco.cepcordoba.es\/index.php\/wp-json\/wp\/v2\/comments?post=223"}],"version-history":[{"count":4,"href":"https:\/\/revistaeco.cepcordoba.es\/index.php\/wp-json\/wp\/v2\/posts\/223\/revisions"}],"predecessor-version":[{"id":2241,"href":"https:\/\/revistaeco.cepcordoba.es\/index.php\/wp-json\/wp\/v2\/posts\/223\/revisions\/2241"}],"wp:attachment":[{"href":"https:\/\/revistaeco.cepcordoba.es\/index.php\/wp-json\/wp\/v2\/media?parent=223"}],"wp:term":[{"taxonomy":"category","embeddable":true,"href":"https:\/\/revistaeco.cepcordoba.es\/index.php\/wp-json\/wp\/v2\/categories?post=223"},{"taxonomy":"post_tag","embeddable":true,"href":"https:\/\/revistaeco.cepcordoba.es\/index.php\/wp-json\/wp\/v2\/tags?post=223"}],"curies":[{"name":"wp","href":"https:\/\/api.w.org\/{rel}","templated":true}]}}