{"id":279,"date":"2011-04-06T08:34:01","date_gmt":"2011-04-06T08:34:01","guid":{"rendered":"http:\/\/revistaeco.cepcordoba.es\/index.php\/2011\/04\/06\/el-programa-biblinguee-en-andalucia-una-aproximacion-a-su-actualidad\/"},"modified":"2018-05-21T11:04:04","modified_gmt":"2018-05-21T10:04:04","slug":"el-programa-biblinguee-en-andalucia-una-aproximacion-a-su-actualidad","status":"publish","type":"post","link":"https:\/\/revistaeco.cepcordoba.es\/index.php\/2011\/04\/06\/el-programa-biblinguee-en-andalucia-una-aproximacion-a-su-actualidad\/","title":{"rendered":"EL PROGRAMA BILING\u00dcE EN ANDALUC\u00cdA: UNA APROXIMACI\u00d3N A SU ACTUALIDAD."},"content":{"rendered":"<h4><span style=\"font-size: 12pt; color: #800000;\"><span style=\"font-family: arial,helvetica,sans-serif;\"><strong>AUTORA:<\/strong><\/span><\/span><\/h4>\n<p><span style=\"font-size: 14pt;\"><strong><span style=\"font-family: arial,helvetica,sans-serif;\">Ana M\u00aa Calatayud Tenas<\/span><\/strong><\/span><\/p>\n<p><span style=\"font-size: 12pt; font-family: arial, helvetica, sans-serif;\">Responsable del Plan de Fomento del Pluriling\u00fcismo de la Provincia de C\u00f3rdoba<\/span><\/p>\n<p><span style=\"font-family: arial, helvetica, sans-serif;\"><span style=\"font-size: 12pt;\">Delegaci\u00f3n Provincial de Educaci\u00f3n de\u00a0<\/span><span style=\"font-size: 12pt;\">C\u00f3rdoba<\/span><\/span><\/p>\n<p>&nbsp;<\/p>\n<h4><span style=\"font-size: 12pt;\"><span style=\"font-family: arial,helvetica,sans-serif;\"><span style=\"color: #800000;\"><strong>Resumen<\/strong><\/span><br \/>\n<\/span><\/span><\/h4>\n<p style=\"text-align: justify;\"><span style=\"font-size: 12pt;\"><span style=\"font-family: arial,helvetica,sans-serif;\">Las iniciativas para conseguir el desarrollo de la competencia comunicativa en todas sus destrezas son muchas y variadas. La Consejer\u00eda de Educaci\u00f3n de la Junta de Andaluc\u00eda est\u00e1 dando respuesta a esta demanda desde varios \u00e1mbitos y, entre ellos, el Programa de Centros Biling\u00fces adquiere una relevancia significativa. Haremos un recorrido \u00aba vista de p\u00e1jaro\u00bb desde los comienzos,\u00a0 significando algunos aspectos importantes del programa para terminar con algunas opiniones sobre la cuesti\u00f3n.<\/span><\/span><span style=\"font-family: arial, helvetica, sans-serif; font-size: x-small;\"><br \/>\n<\/span><\/p>\n<p><a href=\"http:\/\/revistaeco.cepcordoba.es\/wp-content\/uploads\/2018\/05\/Calatayud.pdf\"><img loading=\"lazy\" decoding=\"async\" class=\"aligncenter wp-image-2870 size-medium\" src=\"http:\/\/revistaeco.cepcordoba.es\/wp-content\/uploads\/2018\/05\/revistaCEP_numero8_portada-212x300.png\" alt=\"\" width=\"212\" height=\"300\" srcset=\"https:\/\/revistaeco.cepcordoba.es\/wp-content\/uploads\/2018\/05\/revistaCEP_numero8_portada-212x300.png 212w, https:\/\/revistaeco.cepcordoba.es\/wp-content\/uploads\/2018\/05\/revistaCEP_numero8_portada-768x1086.png 768w, https:\/\/revistaeco.cepcordoba.es\/wp-content\/uploads\/2018\/05\/revistaCEP_numero8_portada-724x1024.png 724w, https:\/\/revistaeco.cepcordoba.es\/wp-content\/uploads\/2018\/05\/revistaCEP_numero8_portada.png 794w\" sizes=\"auto, (max-width: 212px) 100vw, 212px\" \/><\/a><\/p>\n<p style=\"text-align: justify;\">\n","protected":false},"excerpt":{"rendered":"<p>AUTORA<br \/>\nAna M\u00aa Calatayud Tenas<br \/>\nResponsable del Plan de Fomento del Pluriling\u00fcismo de la Provincia de C\u00f3rdoba<br \/>\nDelegaci\u00f3n Provincial de Educaci\u00f3n<br \/>\nC\u00f3rdoba<br \/>\nResumen<\/p>\n<p>Las iniciativas para conseguir el desarrollo de la competencia comunicativa en todas sus destrezas son muchas y variadas. La Consejer\u00eda de Educaci\u00f3n de la Junta de Andaluc\u00eda est\u00e1 dando respuesta a esta demanda desde varios \u00e1mbitos y, entre ellos, el Programa de Centros Biling\u00fces adquiere una relevancia significativa. Haremos un recorrido \u00aba vista de p\u00e1jaro\u00bb desde los comienzos,  significando algunos aspectos importantes del programa para terminar con algunas opiniones sobre la cuesti\u00f3n.<\/p><p><a class=\"more-link btn\" href=\"https:\/\/revistaeco.cepcordoba.es\/index.php\/2011\/04\/06\/el-programa-biblinguee-en-andalucia-una-aproximacion-a-su-actualidad\/\">Seguir leyendo<\/a><\/p>\n","protected":false},"author":1,"featured_media":0,"comment_status":"open","ping_status":"open","sticky":false,"template":"","format":"standard","meta":{"jetpack_post_was_ever_published":false,"_jetpack_newsletter_access":"","_jetpack_dont_email_post_to_subs":false,"_jetpack_newsletter_tier_id":0,"_jetpack_memberships_contains_paywalled_content":false,"_jetpack_memberships_contains_paid_content":false,"footnotes":"","jetpack_publicize_message":"","jetpack_publicize_feature_enabled":true,"jetpack_social_post_already_shared":false,"jetpack_social_options":{"image_generator_settings":{"template":"highway","default_image_id":0,"font":"","enabled":false},"version":2}},"categories":[19],"tags":[411,309],"class_list":["post-279","post","type-post","status-publish","format-standard","hentry","category-monografico-e-co-numero-8","tag-andalucia","tag-bilinguismo","nodate","item-wrap"],"jetpack_publicize_connections":[],"jetpack_featured_media_url":"","jetpack_sharing_enabled":true,"jetpack_shortlink":"https:\/\/wp.me\/p8j08t-4v","_links":{"self":[{"href":"https:\/\/revistaeco.cepcordoba.es\/index.php\/wp-json\/wp\/v2\/posts\/279","targetHints":{"allow":["GET"]}}],"collection":[{"href":"https:\/\/revistaeco.cepcordoba.es\/index.php\/wp-json\/wp\/v2\/posts"}],"about":[{"href":"https:\/\/revistaeco.cepcordoba.es\/index.php\/wp-json\/wp\/v2\/types\/post"}],"author":[{"embeddable":true,"href":"https:\/\/revistaeco.cepcordoba.es\/index.php\/wp-json\/wp\/v2\/users\/1"}],"replies":[{"embeddable":true,"href":"https:\/\/revistaeco.cepcordoba.es\/index.php\/wp-json\/wp\/v2\/comments?post=279"}],"version-history":[{"count":4,"href":"https:\/\/revistaeco.cepcordoba.es\/index.php\/wp-json\/wp\/v2\/posts\/279\/revisions"}],"predecessor-version":[{"id":2113,"href":"https:\/\/revistaeco.cepcordoba.es\/index.php\/wp-json\/wp\/v2\/posts\/279\/revisions\/2113"}],"wp:attachment":[{"href":"https:\/\/revistaeco.cepcordoba.es\/index.php\/wp-json\/wp\/v2\/media?parent=279"}],"wp:term":[{"taxonomy":"category","embeddable":true,"href":"https:\/\/revistaeco.cepcordoba.es\/index.php\/wp-json\/wp\/v2\/categories?post=279"},{"taxonomy":"post_tag","embeddable":true,"href":"https:\/\/revistaeco.cepcordoba.es\/index.php\/wp-json\/wp\/v2\/tags?post=279"}],"curies":[{"name":"wp","href":"https:\/\/api.w.org\/{rel}","templated":true}]}}