{"id":3276,"date":"2019-05-02T03:59:07","date_gmt":"2019-05-02T02:59:07","guid":{"rendered":"http:\/\/revistaeco.cepcordoba.es\/?p=3276"},"modified":"2019-05-07T03:40:22","modified_gmt":"2019-05-07T02:40:22","slug":"evaluacion-de-las-competencias-profesionales-de-los-futuros-docentes-en-el-practicum-riecu-red-de-infantil-escuela-centro-de-profesorado-universidad","status":"publish","type":"post","link":"https:\/\/revistaeco.cepcordoba.es\/index.php\/2019\/05\/02\/evaluacion-de-las-competencias-profesionales-de-los-futuros-docentes-en-el-practicum-riecu-red-de-infantil-escuela-centro-de-profesorado-universidad\/","title":{"rendered":"EVALUACI\u00d3N DE LAS COMPETENCIAS PROFESIONALES DE LOS FUTUROS DOCENTES EN EL PR\u00c1CTICUM RIECU  (RED DE INFANTIL ESCUELA-CENTRO DE PROFESORADO-UNIVERSIDAD)"},"content":{"rendered":"<p><strong>AUTORAS\/AUTOR:<\/strong><\/p>\n<p><strong>Rosario M\u00e9rida Serrano<\/strong> *<\/p>\n<p><strong><a href=\"mailto:rmerida@uco.es\">rmerida@uco.es<\/a><\/strong><\/p>\n<p><strong>\u00a0<\/strong><strong>Mar\u00eda Elena Gonz\u00e1lez Alfaya<\/strong> *<\/p>\n<p><strong><a href=\"mailto:elena.gonzalez@uco.es\">elena.gonzalez@uco.es<\/a><\/strong><\/p>\n<p><strong>Mar\u00eda \u00c1ngeles Olivares Garc\u00eda *<\/strong><\/p>\n<p><strong>\u00a0<\/strong><strong><a href=\"mailto:ed1olgam@uco.es\">ed1olgam@uco.es<\/a><\/strong><\/p>\n<p><strong>Julia Rodr\u00edguez Carrillo *<\/strong><\/p>\n<p><strong>\u00a0<\/strong><strong><a href=\"mailto:m12rocaj@uco.es\">m12rocaj@uco.es<\/a><\/strong><\/p>\n<p><strong>\u00a0<\/strong><strong>Miguel Mu\u00f1oz Moya *<\/strong><\/p>\n<p><strong>\u00a0<\/strong><strong><a href=\"mailto:p62mumom@uco.es\">p62mumom@uco.es<\/a><\/strong><\/p>\n<p>* Departamento de Educaci\u00f3n de la Universidad de C\u00f3rdoba<\/p>\n<p><strong>\u00a0<\/strong><\/p>\n<p><strong>RESUMEN<\/strong><\/p>\n<p style=\"text-align: justify;\">El pr\u00e1cticum es un espacio formativo que facilita la adquisici\u00f3n de competencias docentes. En el pr\u00e1cticum innovador de la Red de Infantil Escuela-Centro de Formaci\u00f3n del Profesorado-Universidad, el cual se desarrolla en la Facultad de Ciencias de la Educaci\u00f3n de la Universidad de C\u00f3rdoba, se pone en marcha una evaluaci\u00f3n integral \u2013utilizando cuatro instrumentos de evaluaci\u00f3n- de las competencias docentes adquiridas, para valorar la bondad de esta experiencia innovadora. Incorpora cuatro elementos diferenciadores respecto al pr\u00e1cticum general: Procesos de investigaci\u00f3n-acci\u00f3n colaborativos, parejas educativas, documentaci\u00f3n pedag\u00f3gica y formaci\u00f3n previa de maestras y estudiantes en la metodolog\u00eda de Aprendizaje Basado en Proyectos.<\/p>\n<p><strong>\u00a0<\/strong><\/p>\n<p><strong>Abstract<\/strong><\/p>\n<p style=\"text-align: justify;\">The practicum is a training context which fosters the acquisition of teaching competences. The RIECU network implements an innovative practicum which is carried out in the School of Education of the University of C\u00f3rdoba. By means of this practicum, an overall assessment is undertaken -four different assessment tools are used-, in order to evaluate which teaching competences has been acquired, as a result of to the student teachers\u2019 participation in this innovative experience. Four features make the RIECU practicum an unique training experience: collaborative action-research processes, educational pairs of teachers, pedagogical documentation and pre-service and in-service teachers expert knowledge of the Project Based Learning method.<\/p>\n<p><a href=\"http:\/\/revistaeco.cepcordoba.es\/wp-content\/uploads\/2019\/04\/Merida.pdf\" rel=\"noopener noreferrer\"><img loading=\"lazy\" decoding=\"async\" class=\"aligncenter wp-image-3159 size-medium\" src=\"http:\/\/revistaeco.cepcordoba.es\/wp-content\/uploads\/2019\/04\/revistaCEP_numero16_portada_descarga-pdf-1-212x300.png\" alt=\"\" width=\"212\" height=\"300\" srcset=\"https:\/\/revistaeco.cepcordoba.es\/wp-content\/uploads\/2019\/04\/revistaCEP_numero16_portada_descarga-pdf-1-212x300.png 212w, https:\/\/revistaeco.cepcordoba.es\/wp-content\/uploads\/2019\/04\/revistaCEP_numero16_portada_descarga-pdf-1-768x1086.png 768w, https:\/\/revistaeco.cepcordoba.es\/wp-content\/uploads\/2019\/04\/revistaCEP_numero16_portada_descarga-pdf-1-724x1024.png 724w, https:\/\/revistaeco.cepcordoba.es\/wp-content\/uploads\/2019\/04\/revistaCEP_numero16_portada_descarga-pdf-1.png 794w\" sizes=\"auto, (max-width: 212px) 100vw, 212px\" \/><\/a><\/p>\n","protected":false},"excerpt":{"rendered":"<p>AUTORAS\/AUTOR: Rosario M\u00e9rida Serrano * rmerida@uco.es \u00a0Mar\u00eda Elena Gonz\u00e1lez Alfaya * elena.gonzalez@uco.es Mar\u00eda \u00c1ngeles Olivares Garc\u00eda * \u00a0ed1olgam@uco.es Julia Rodr\u00edguez Carrillo * \u00a0m12rocaj@uco.es \u00a0Miguel Mu\u00f1oz Moya * \u00a0p62mumom@uco.es * Departamento de Educaci\u00f3n de la Universidad de C\u00f3rdoba \u00a0 RESUMEN El pr\u00e1cticum es un espacio formativo que facilita la adquisici\u00f3n de competencias docentes. En el pr\u00e1cticum &hellip; <\/p>\n<p><a class=\"more-link btn\" href=\"https:\/\/revistaeco.cepcordoba.es\/index.php\/2019\/05\/02\/evaluacion-de-las-competencias-profesionales-de-los-futuros-docentes-en-el-practicum-riecu-red-de-infantil-escuela-centro-de-profesorado-universidad\/\">Seguir leyendo<\/a><\/p>\n","protected":false},"author":1,"featured_media":0,"comment_status":"closed","ping_status":"closed","sticky":false,"template":"","format":"standard","meta":{"jetpack_post_was_ever_published":false,"_jetpack_newsletter_access":"","_jetpack_dont_email_post_to_subs":false,"_jetpack_newsletter_tier_id":0,"_jetpack_memberships_contains_paywalled_content":false,"_jetpack_memberships_contains_paid_content":false,"footnotes":"","jetpack_publicize_message":"","jetpack_publicize_feature_enabled":true,"jetpack_social_post_already_shared":true,"jetpack_social_options":{"image_generator_settings":{"template":"highway","default_image_id":0,"font":"","enabled":false},"version":2}},"categories":[590,595],"tags":[464,264,646,647,648],"class_list":["post-3276","post","type-post","status-publish","format-standard","hentry","category-e-co-numero-16","category-monografico-e-co-numero-16","tag-competencias","tag-evaluacion","tag-formacion-docente","tag-practicum","tag-red-de-infantil-escuela-centro-de-profesorado-universidad","nodate","item-wrap"],"jetpack_publicize_connections":[],"jetpack_featured_media_url":"","jetpack_sharing_enabled":true,"jetpack_shortlink":"https:\/\/wp.me\/p8j08t-QQ","_links":{"self":[{"href":"https:\/\/revistaeco.cepcordoba.es\/index.php\/wp-json\/wp\/v2\/posts\/3276","targetHints":{"allow":["GET"]}}],"collection":[{"href":"https:\/\/revistaeco.cepcordoba.es\/index.php\/wp-json\/wp\/v2\/posts"}],"about":[{"href":"https:\/\/revistaeco.cepcordoba.es\/index.php\/wp-json\/wp\/v2\/types\/post"}],"author":[{"embeddable":true,"href":"https:\/\/revistaeco.cepcordoba.es\/index.php\/wp-json\/wp\/v2\/users\/1"}],"replies":[{"embeddable":true,"href":"https:\/\/revistaeco.cepcordoba.es\/index.php\/wp-json\/wp\/v2\/comments?post=3276"}],"version-history":[{"count":6,"href":"https:\/\/revistaeco.cepcordoba.es\/index.php\/wp-json\/wp\/v2\/posts\/3276\/revisions"}],"predecessor-version":[{"id":3642,"href":"https:\/\/revistaeco.cepcordoba.es\/index.php\/wp-json\/wp\/v2\/posts\/3276\/revisions\/3642"}],"wp:attachment":[{"href":"https:\/\/revistaeco.cepcordoba.es\/index.php\/wp-json\/wp\/v2\/media?parent=3276"}],"wp:term":[{"taxonomy":"category","embeddable":true,"href":"https:\/\/revistaeco.cepcordoba.es\/index.php\/wp-json\/wp\/v2\/categories?post=3276"},{"taxonomy":"post_tag","embeddable":true,"href":"https:\/\/revistaeco.cepcordoba.es\/index.php\/wp-json\/wp\/v2\/tags?post=3276"}],"curies":[{"name":"wp","href":"https:\/\/api.w.org\/{rel}","templated":true}]}}