{"id":3430,"date":"2019-05-02T03:15:40","date_gmt":"2019-05-02T02:15:40","guid":{"rendered":"http:\/\/revistaeco.cepcordoba.es\/?p=3430"},"modified":"2019-05-07T06:13:49","modified_gmt":"2019-05-07T05:13:49","slug":"la-necesidad-de-una-cultura-alternativa-en-materia-de-evaluacion-entrevista-a-juan-manuel-escudero-munoz","status":"publish","type":"post","link":"https:\/\/revistaeco.cepcordoba.es\/index.php\/2019\/05\/02\/la-necesidad-de-una-cultura-alternativa-en-materia-de-evaluacion-entrevista-a-juan-manuel-escudero-munoz\/","title":{"rendered":"LA NECESIDAD DE UNA CULTURA ALTERNATIVA EN MATERIA DE EVALUACI\u00d3N. ENTREVISTA A JUAN MANUEL ESCUDERO MU\u00d1OZ"},"content":{"rendered":"<p class=\"western\" align=\"justify\"><span style=\"font-family: Arial, serif;\">Referente ineludible del mundo educativo de nuestro pa\u00eds, cacere\u00f1o de nacimiento (Campillo de Deleitosa, 1947), Juan Manuel Escudero Mu\u00f1oz obtuvo la licenciatura en Pedagog\u00eda y la Diplomatura en Psicolog\u00eda en la Universidad Pontificia de Salamanca (1971). Comenz\u00f3 a ejercer la docencia en la Universidad de Valencia, en la que obtuvo el doctorado en 1977. De Valencia se traslad\u00f3 a Santiago de Compostela en cuya universidad lleg\u00f3 a ejercer de Decano de su Facultad de Filosof\u00eda y Ciencias de la Educaci\u00f3n. Posteriormente obtuvo la c\u00e1tedra de did\u00e1ctica y organizaci\u00f3n escolar en la Universidad de Murcia (1983) a la que lig\u00f3 su trayectoria profesional hasta su jubilaci\u00f3n en 2018. Su trayectoria profesional se ha completado ejerciendo numerosos cargos en instituciones educativas como el Consejo Escolar del Estado o, en Andaluc\u00eda, <\/span><span style=\"color: #222222;\"><span style=\"font-family: Arial, serif;\"> Presidente del Comit\u00e9 de Ciencias Sociales de la Agencia Andaluza de Evaluaci\u00f3n de la Calidad y Acreditaci\u00f3n Universitaria.<\/span><\/span><\/p>\n<p class=\"western\" align=\"justify\"><a name=\"_GoBack\"><\/a> <span style=\"font-family: Arial, serif;\">Es autor de una amplia y consistente obra que ha girado en torno a temas como la tecnolog\u00eda educativa, la innovaci\u00f3n, la calidad de la educaci\u00f3n, el asesoramiento pedag\u00f3gico, la formaci\u00f3n del profesorado, el fracaso escolar o la inclusi\u00f3n educativa. En un reciente y muy merecido homenaje, sus colaboradores y allegados destacan del profesor Escudero su profesionalidad, su altura intelectual, su talante \u00e9tico y human\u00edstico, su profundo compromiso con la educaci\u00f3n y su aportaci\u00f3n a la renovaci\u00f3n intelectual del pensamiento pedag\u00f3gico. <\/span><\/p>\n<p><a href=\"http:\/\/revistaeco.cepcordoba.es\/wp-content\/uploads\/2019\/05\/Escudero.pdf\" rel=\"noopener noreferrer\"><img loading=\"lazy\" decoding=\"async\" class=\"aligncenter wp-image-3159 size-medium\" src=\"http:\/\/revistaeco.cepcordoba.es\/wp-content\/uploads\/2019\/04\/revistaCEP_numero16_portada_descarga-pdf-1-212x300.png\" alt=\"\" width=\"212\" height=\"300\" srcset=\"https:\/\/revistaeco.cepcordoba.es\/wp-content\/uploads\/2019\/04\/revistaCEP_numero16_portada_descarga-pdf-1-212x300.png 212w, https:\/\/revistaeco.cepcordoba.es\/wp-content\/uploads\/2019\/04\/revistaCEP_numero16_portada_descarga-pdf-1-768x1086.png 768w, https:\/\/revistaeco.cepcordoba.es\/wp-content\/uploads\/2019\/04\/revistaCEP_numero16_portada_descarga-pdf-1-724x1024.png 724w, https:\/\/revistaeco.cepcordoba.es\/wp-content\/uploads\/2019\/04\/revistaCEP_numero16_portada_descarga-pdf-1.png 794w\" sizes=\"auto, (max-width: 212px) 100vw, 212px\" \/><\/a><\/p>\n","protected":false},"excerpt":{"rendered":"<p>Referente ineludible del mundo educativo de nuestro pa\u00eds, cacere\u00f1o de nacimiento (Campillo de Deleitosa, 1947), Juan Manuel Escudero Mu\u00f1oz obtuvo la licenciatura en Pedagog\u00eda y la Diplomatura en Psicolog\u00eda en la Universidad Pontificia de Salamanca (1971). Comenz\u00f3 a ejercer la docencia en la Universidad de Valencia, en la que obtuvo el doctorado en 1977. De &hellip; <\/p>\n<p><a class=\"more-link btn\" href=\"https:\/\/revistaeco.cepcordoba.es\/index.php\/2019\/05\/02\/la-necesidad-de-una-cultura-alternativa-en-materia-de-evaluacion-entrevista-a-juan-manuel-escudero-munoz\/\">Seguir leyendo<\/a><\/p>\n","protected":false},"author":1,"featured_media":0,"comment_status":"closed","ping_status":"closed","sticky":false,"template":"","format":"standard","meta":{"jetpack_post_was_ever_published":false,"_jetpack_newsletter_access":"","_jetpack_dont_email_post_to_subs":false,"_jetpack_newsletter_tier_id":0,"_jetpack_memberships_contains_paywalled_content":false,"_jetpack_memberships_contains_paid_content":false,"footnotes":"","jetpack_publicize_message":"","jetpack_publicize_feature_enabled":true,"jetpack_social_post_already_shared":true,"jetpack_social_options":{"image_generator_settings":{"template":"highway","default_image_id":0,"font":"","enabled":false},"version":2}},"categories":[590,593],"tags":[694],"class_list":["post-3430","post","type-post","status-publish","format-standard","hentry","category-e-co-numero-16","category-entrevistas-e-co-numero-16","tag-juan-manuel-escudero-munoz","nodate","item-wrap"],"jetpack_publicize_connections":[],"jetpack_featured_media_url":"","jetpack_sharing_enabled":true,"jetpack_shortlink":"https:\/\/wp.me\/p8j08t-Tk","_links":{"self":[{"href":"https:\/\/revistaeco.cepcordoba.es\/index.php\/wp-json\/wp\/v2\/posts\/3430","targetHints":{"allow":["GET"]}}],"collection":[{"href":"https:\/\/revistaeco.cepcordoba.es\/index.php\/wp-json\/wp\/v2\/posts"}],"about":[{"href":"https:\/\/revistaeco.cepcordoba.es\/index.php\/wp-json\/wp\/v2\/types\/post"}],"author":[{"embeddable":true,"href":"https:\/\/revistaeco.cepcordoba.es\/index.php\/wp-json\/wp\/v2\/users\/1"}],"replies":[{"embeddable":true,"href":"https:\/\/revistaeco.cepcordoba.es\/index.php\/wp-json\/wp\/v2\/comments?post=3430"}],"version-history":[{"count":7,"href":"https:\/\/revistaeco.cepcordoba.es\/index.php\/wp-json\/wp\/v2\/posts\/3430\/revisions"}],"predecessor-version":[{"id":3649,"href":"https:\/\/revistaeco.cepcordoba.es\/index.php\/wp-json\/wp\/v2\/posts\/3430\/revisions\/3649"}],"wp:attachment":[{"href":"https:\/\/revistaeco.cepcordoba.es\/index.php\/wp-json\/wp\/v2\/media?parent=3430"}],"wp:term":[{"taxonomy":"category","embeddable":true,"href":"https:\/\/revistaeco.cepcordoba.es\/index.php\/wp-json\/wp\/v2\/categories?post=3430"},{"taxonomy":"post_tag","embeddable":true,"href":"https:\/\/revistaeco.cepcordoba.es\/index.php\/wp-json\/wp\/v2\/tags?post=3430"}],"curies":[{"name":"wp","href":"https:\/\/api.w.org\/{rel}","templated":true}]}}