{"id":4112,"date":"2019-12-10T12:21:11","date_gmt":"2019-12-10T11:21:11","guid":{"rendered":"http:\/\/revistaeco.cepcordoba.es\/?p=4112"},"modified":"2019-12-14T12:34:23","modified_gmt":"2019-12-14T11:34:23","slug":"las-ensenanzas-artisticas-musicales-en-la-investigacion-en-el-ambito-de-la-uco","status":"publish","type":"post","link":"https:\/\/revistaeco.cepcordoba.es\/index.php\/2019\/12\/10\/las-ensenanzas-artisticas-musicales-en-la-investigacion-en-el-ambito-de-la-uco\/","title":{"rendered":"LAS ENSE\u00d1ANZAS ART\u00cdSTICAS MUSICALES EN LA INVESTIGACI\u00d3N EN EL \u00c1MBITO DE LA UCO"},"content":{"rendered":"\n<h4 style=\"text-align: justify;\" align=\"center\"><strong>AUTORA:<\/strong><\/h4>\n<h4 style=\"text-align: justify;\"><strong>Ana Bel\u00e9n Ca\u00f1izares Sevilla<\/strong><\/h4>\n<p style=\"text-align: justify;\">Departamento de Educaci\u00f3n Art\u00edstica y Corporal<\/p>\n<p style=\"text-align: justify;\">Facultad de Ciencias de la Educaci\u00f3n<\/p>\n<p style=\"text-align: justify;\">Universidad de C\u00f3rdoba (Espa\u00f1a)<\/p>\n<h4 style=\"text-align: justify;\" align=\"center\"><span style=\"font-family: Arial, sans-serif;\"><span style=\"font-size: large;\"><b>RESUMEN<\/b><\/span><\/span><\/h4>\n<p style=\"text-align: justify;\">Los titulados superiores de Ense\u00f1anzas Art\u00edsticas de M\u00fasica dispusieron de programas de doctorado ofertados por la Universidad de C\u00f3rdoba. El presente estudio descriptivo tiene como prop\u00f3sito mostrar las l\u00edneas de investigaci\u00f3n que se abrieron, las fortalezas y debilidades y el resultado de la formaci\u00f3n universitaria: las tesis doctorales. Una enumeraci\u00f3n de las mismas, ilustra a futuros doctorandos la viabilidad de tomar como objeto de estudio la investigaci\u00f3n educativa en su especialidad musical. El texto es una versi\u00f3n de la ponencia desarrollada en el contexto de las 1\u00aa Jornadas de Investigaci\u00f3n para las Ense\u00f1anzas Art\u00edsticas Superiores organizada por el CEP de C\u00f3rdoba.<\/p>\n<p><span style=\"font-family: Arial, sans-serif;\"><span style=\"font-size: large;\"><b>ABSTRACT<\/b><\/span><\/span><\/p>\n<p style=\"text-align: justify;\">The graduates of Artistic Music Education had doctoral programs offered by the University of Cordoba. The purpose of this descriptive study is to show the lines of research that were opened, the strengths and weaknesses and the result of university education: doctoral theses. A list of them, shows future doctoral students the viability of taking educational research in their musical specialty as the object of study. The text is a version of the paper developed in the context of the 1st Conference on Research for Higher Artistic Education organized by the CEP of Cordoba.<\/p>\n<p><a href=\"http:\/\/revistaeco.cepcordoba.es\/wp-content\/uploads\/2019\/12\/Ca\u00f1izares.pdf\" rel=\"noopener noreferrer\"><img loading=\"lazy\" decoding=\"async\" class=\"aligncenter wp-image-4176 size-medium\" src=\"http:\/\/revistaeco.cepcordoba.es\/wp-content\/uploads\/2019\/12\/Portada-descarga-articulo-extra-EAS-212x300.jpeg\" alt=\"\" width=\"212\" height=\"300\" srcset=\"https:\/\/revistaeco.cepcordoba.es\/wp-content\/uploads\/2019\/12\/Portada-descarga-articulo-extra-EAS-212x300.jpeg 212w, https:\/\/revistaeco.cepcordoba.es\/wp-content\/uploads\/2019\/12\/Portada-descarga-articulo-extra-EAS-724x1024.jpeg 724w, https:\/\/revistaeco.cepcordoba.es\/wp-content\/uploads\/2019\/12\/Portada-descarga-articulo-extra-EAS-768x1086.jpeg 768w, https:\/\/revistaeco.cepcordoba.es\/wp-content\/uploads\/2019\/12\/Portada-descarga-articulo-extra-EAS.jpeg 992w\" sizes=\"auto, (max-width: 212px) 100vw, 212px\" \/><\/a><\/p>\n","protected":false},"excerpt":{"rendered":"<p>AUTORA: Ana Bel\u00e9n Ca\u00f1izares Sevilla Departamento de Educaci\u00f3n Art\u00edstica y Corporal Facultad de Ciencias de la Educaci\u00f3n Universidad de C\u00f3rdoba (Espa\u00f1a) RESUMEN Los titulados superiores de Ense\u00f1anzas Art\u00edsticas de M\u00fasica dispusieron de programas de doctorado ofertados por la Universidad de C\u00f3rdoba. El presente estudio descriptivo tiene como prop\u00f3sito mostrar las l\u00edneas de investigaci\u00f3n que se &hellip; <\/p>\n<p><a class=\"more-link btn\" href=\"https:\/\/revistaeco.cepcordoba.es\/index.php\/2019\/12\/10\/las-ensenanzas-artisticas-musicales-en-la-investigacion-en-el-ambito-de-la-uco\/\">Seguir leyendo<\/a><\/p>\n","protected":false},"author":1,"featured_media":0,"comment_status":"closed","ping_status":"closed","sticky":false,"template":"","format":"standard","meta":{"jetpack_post_was_ever_published":false,"_jetpack_newsletter_access":"","_jetpack_dont_email_post_to_subs":false,"_jetpack_newsletter_tier_id":0,"_jetpack_memberships_contains_paywalled_content":false,"_jetpack_memberships_contains_paid_content":false,"footnotes":"","jetpack_publicize_message":"","jetpack_publicize_feature_enabled":true,"jetpack_social_post_already_shared":true,"jetpack_social_options":{"image_generator_settings":{"template":"highway","default_image_id":0,"font":"","enabled":false},"version":2}},"categories":[700,699],"tags":[706,69],"class_list":["post-4112","post","type-post","status-publish","format-standard","hentry","category-articulos-e-co-extra-e-artisticas","category-e-co-extra-e-artisticas","tag-educacion-superior","tag-musica","nodate","item-wrap"],"jetpack_publicize_connections":[],"jetpack_featured_media_url":"","jetpack_sharing_enabled":true,"jetpack_shortlink":"https:\/\/wp.me\/p8j08t-14k","_links":{"self":[{"href":"https:\/\/revistaeco.cepcordoba.es\/index.php\/wp-json\/wp\/v2\/posts\/4112","targetHints":{"allow":["GET"]}}],"collection":[{"href":"https:\/\/revistaeco.cepcordoba.es\/index.php\/wp-json\/wp\/v2\/posts"}],"about":[{"href":"https:\/\/revistaeco.cepcordoba.es\/index.php\/wp-json\/wp\/v2\/types\/post"}],"author":[{"embeddable":true,"href":"https:\/\/revistaeco.cepcordoba.es\/index.php\/wp-json\/wp\/v2\/users\/1"}],"replies":[{"embeddable":true,"href":"https:\/\/revistaeco.cepcordoba.es\/index.php\/wp-json\/wp\/v2\/comments?post=4112"}],"version-history":[{"count":10,"href":"https:\/\/revistaeco.cepcordoba.es\/index.php\/wp-json\/wp\/v2\/posts\/4112\/revisions"}],"predecessor-version":[{"id":4237,"href":"https:\/\/revistaeco.cepcordoba.es\/index.php\/wp-json\/wp\/v2\/posts\/4112\/revisions\/4237"}],"wp:attachment":[{"href":"https:\/\/revistaeco.cepcordoba.es\/index.php\/wp-json\/wp\/v2\/media?parent=4112"}],"wp:term":[{"taxonomy":"category","embeddable":true,"href":"https:\/\/revistaeco.cepcordoba.es\/index.php\/wp-json\/wp\/v2\/categories?post=4112"},{"taxonomy":"post_tag","embeddable":true,"href":"https:\/\/revistaeco.cepcordoba.es\/index.php\/wp-json\/wp\/v2\/tags?post=4112"}],"curies":[{"name":"wp","href":"https:\/\/api.w.org\/{rel}","templated":true}]}}