{"id":458,"date":"2012-04-19T10:04:06","date_gmt":"2012-04-19T10:04:06","guid":{"rendered":"http:\/\/revistaeco.cepcordoba.es\/index.php\/2012\/04\/19\/presentacion-transformar-la-formacion-del-profesorado\/"},"modified":"2018-05-07T06:12:03","modified_gmt":"2018-05-07T05:12:03","slug":"presentacion-transformar-la-formacion-del-profesorado","status":"publish","type":"post","link":"https:\/\/revistaeco.cepcordoba.es\/index.php\/2012\/04\/19\/presentacion-transformar-la-formacion-del-profesorado\/","title":{"rendered":"PRESENTACI\u00d3N: TRANSFORMAR LA FORMACI\u00d3N DEL PROFESORADO."},"content":{"rendered":"<h4><span style=\"font-size: 12pt; font-family: arial, helvetica, sans-serif;\"><strong>AUTORES:<\/strong><\/span><\/h4>\n<p style=\"text-align: justify;\"><span style=\"font-size: 14pt;\"><strong><span style=\"font-family: arial, helvetica, sans-serif;\">Miguel Calvillo Jurado<\/span><\/strong><\/span><\/p>\n<p style=\"text-align: justify;\"><span style=\"font-size: 14pt;\"><strong><span style=\"font-family: arial, helvetica, sans-serif;\">Manuel Lucena Rubio<\/span><\/strong><\/span><\/p>\n<p style=\"text-align: justify;\"><span style=\"font-size: 14pt;\"><strong><span style=\"font-family: arial, helvetica, sans-serif;\">Jos\u00e9 Moraga Campos<\/span><\/strong><\/span><\/p>\n<p style=\"text-align: justify;\"><span style=\"font-size: 12pt; font-family: arial, helvetica, sans-serif;\">Asesores de formaci\u00f3n<\/span><\/p>\n<p style=\"text-align: justify;\"><span style=\"font-size: 12pt; font-family: arial, helvetica, sans-serif;\">Centro del Profesorado de C\u00f3rdoba<\/span><\/p>\n<p style=\"text-align: justify;\"><span style=\"font-size: 12pt;\">Sea cual sea la inclinaci\u00f3n parece que existe un consenso en que la formaci\u00f3n del profesorado se encuentra en un momento de cambio necesario. Unas a trav\u00e9s de modelos de reducci\u00f3n o de redimensi\u00f3n, otras a trav\u00e9s de nuevas estructuras, casi todas las comunidades aut\u00f3nomas han abordado o est\u00e1n abordando alguna transformaci\u00f3n en su red formativa. Especialmente en Andaluc\u00eda se han cumplido recientemente dos hitos. El primero, el reconocimiento de las jefaturas de formaci\u00f3n del profesorado en los centros y el segundo -que no lleg\u00f3 a culminar- en la promulgaci\u00f3n definitiva de un nuevo decreto de formaci\u00f3n del profesorado que finalmente ha quedado en borrador despu\u00e9s de un largu\u00edsimo proceso de informaci\u00f3n en el parlamento.<\/span><\/p>\n<p style=\"text-align: justify;\"><span style=\"font-size: 12pt;\">Esta efervescencia sobre el asunto nos anim\u00f3 a que nuestra revista e-CO atenta a la actualidad y editada por un Centro del Profesorado no se mantuviera al margen de un debate social tan importante. Se trata de participar en esta coyuntura pol\u00edtica y pedag\u00f3gica de cambio y cr\u00edtica con las armas que puede utilizar una publicaci\u00f3n: la palabra, o mejor dicho, las palabras de diferentes protagonistas de este escenario. Por eso nos dirigimos a numerosos profesionales de la ense\u00f1anza de todas las etapas -infantil, primaria, secundaria y universidad- as\u00ed como a asesores de formaci\u00f3n, inspectores y autoridades educativas de diversas comunidades solicit\u00e1ndoles su participaci\u00f3n. Por distintas circunstancias, no todos han podido contribuir a este n\u00famero tal y como era nuestro objetivo inicial. Es por ello por lo que no hemos logrado en algunos casos cubrir todos los flancos que habr\u00edamos deseado aunque es cierto que nunca se puede trazar un panorama exhaustivo en una revista.<\/span><\/p>\n<p style=\"text-align: justify;\"><span style=\"font-size: 12pt;\">Se estructura este n\u00famero extraordinario en tres partes:<\/span><\/p>\n<p style=\"text-align: justify;\"><span style=\"font-size: 12pt;\">La primera aborda la problem\u00e1tica general de la formaci\u00f3n del profesorado (agentes, modelos, reformas necesarias, futuro&#8230;) en los siguientes art\u00edculos y entrevistas:<\/span><\/p>\n<ul>\n<li style=\"text-align: justify;\"><span style=\"font-size: 12pt;\"><a href=\"http:\/\/revistaeco.cepcordoba.es\/index.php\/2012\/03\/13\/la-formacion-del-profesorado-la-innovacion-la-investigacion-y-la-practica-educativa\/\">La formaci\u00f3n del profesorado, la innovaci\u00f3n, la investigaci\u00f3n y la pr\u00e1ctica educativa<\/a>, por Emilio Sol\u00eds.<\/span><\/li>\n<li style=\"text-align: justify;\"><span style=\"font-size: 12pt;\"><a href=\"http:\/\/revistaeco.cepcordoba.es\/index.php\/2012\/04\/10\/formacion-inicial-del-profesorado-una-vision-desde-el-decanato-de-la-facultad-de-educacion\/\">Formaci\u00f3n inicial del profesorado. Una visi\u00f3n desde el decanato de la facultad de Ciencias de la Educaci\u00f3n<\/a>, por Francisco Villamandos.<\/span><\/li>\n<li style=\"text-align: justify;\"><span style=\"font-size: 12pt;\"><a href=\"http:\/\/revistaeco.cepcordoba.es\/index.php\/2012\/03\/29\/el-futuro-de-la-formacion-del-profesorado\/\">El futuro de la formaci\u00f3n del profesorado<\/a>, por Antonio Bol\u00edvar.<\/span><\/li>\n<li style=\"text-align: justify;\"><span style=\"font-size: 12pt;\"><a href=\"http:\/\/revistaeco.cepcordoba.es\/index.php\/2012\/04\/17\/reflexiones-sobre-la-organizacion-y-gestion-de-los-centros-del-profesorado\/\">Reflexiones sobre la organizaci\u00f3n y gesti\u00f3n de los centros del profesorado<\/a>, por Rafael Ruiz.<\/span><\/li>\n<li style=\"text-align: justify;\"><span style=\"font-size: 12pt;\"><a href=\"http:\/\/revistaeco.cepcordoba.es\/index.php\/2012\/03\/29\/la-formacion-del-profesorado-entre-la-realidad-y-el-deseo\/\">La formaci\u00f3n del profesorado entre la realidad y el deseo<\/a>, por Daniel Gonz\u00e1lez.<\/span><\/li>\n<\/ul>\n<p style=\"text-align: justify;\"><span style=\"font-size: 12pt;\">La segunda parte destaca los planteamientos formativos de algunas zonas dentro o fuera de Espa\u00f1a ( Pa\u00eds Vasco, Extremadura, Finlandia o Chile), con los siguientes estudios panor\u00e1micos:<\/span><\/p>\n<ul>\n<li style=\"text-align: justify;\"><span style=\"font-size: 12pt;\"><a href=\"http:\/\/revistaeco.cepcordoba.es\/index.php\/2012\/03\/29\/la-necesidad-de-crecer-como-profesional-la-formacion-del-profesorado-en-el-pais-vasco\/\">La necesidad de crecer como profesional: la formaci\u00f3n del profesorado en el Pa\u00eds Vasco<\/a>, por Ana Basterra.<\/span><\/li>\n<li style=\"text-align: justify;\"><span style=\"font-size: 12pt;\"><a href=\"http:\/\/revistaeco.cepcordoba.es\/index.php\/2012\/04\/10\/formacion-permanente-del-docente-en-extremadura\/\">Formaci\u00f3n permanente del docente en Extremadura<\/a>, por Mar\u00eda del Pilar Rodr\u00edguez.<\/span><\/li>\n<li style=\"text-align: justify;\"><span style=\"font-size: 12pt;\"><a href=\"http:\/\/revistaeco.cepcordoba.es\/index.php\/2012\/02\/28\/formacion-inicial-docente-en-chile\/\">Formaci\u00f3n inicial en Chile<\/a>, por Adolfo Gonz\u00e1lez y Eduardo Calvo.<\/span><\/li>\n<li style=\"text-align: justify;\"><span style=\"font-size: 12pt;\"><a href=\"http:\/\/revistaeco.cepcordoba.es\/index.php\/2012\/03\/13\/sistema-de-formacion-inicial-en-finlandia\/\">Sistema de formaci\u00f3n inicial en Finlandia<\/a>, por Dolores Merino.<\/span><\/li>\n<\/ul>\n<p style=\"text-align: justify;\"><span style=\"font-size: 12pt;\">Y finalmente, la tercera parte hace un repaso de la problem\u00e1tica de formaci\u00f3n en ciertos \u00e1mbitos especializados (bibliotecas, convivencia, \u00e1mbito art\u00edstico-deportivo, \u00e1mbito ling\u00fc\u00edstico, TIC y educaci\u00f3n infantil):<\/span><\/p>\n<ul>\n<li style=\"text-align: justify;\"><span style=\"font-size: 12pt;\"><a href=\"http:\/\/revistaeco.cepcordoba.es\/index.php\/2012\/04\/10\/formar-a-los-que-forman-como-alfabetizar-a-los-que-alfabetizan-en-un-mundo-digital\/\">Formar a los que forman. C\u00f3mo alfabetizar a los que alfabetizan en un mundo digital<\/a>, por T\u00edscar Lara.<\/span><\/li>\n<li style=\"text-align: justify;\"><span style=\"font-size: 12pt;\"><a href=\"http:\/\/revistaeco.cepcordoba.es\/index.php\/2012\/03\/29\/formacion-en-el-ambito-lingueistico\/\">Formaci\u00f3n del profesorado en el \u00e1mbito ling\u00fc\u00edstico<\/a>, por Mar\u00eda del Mar P\u00e9rez, Irene Gonz\u00e1lez y Adela Fern\u00e1ndez.<\/span><\/li>\n<li style=\"text-align: justify;\"><span style=\"font-size: 12pt;\"><a href=\"http:\/\/revistaeco.cepcordoba.es\/index.php\/2012\/03\/13\/formacion-docente-en-el-ambito-artistico-deportivo\/\">Formaci\u00f3n del docente en el \u00e1mbito art\u00edstico-deportivo<\/a>, por Jos\u00e9 Claudio Narganes.<\/span><\/li>\n<li style=\"text-align: justify;\"><span style=\"font-size: 12pt;\"><a href=\"http:\/\/revistaeco.cepcordoba.es\/index.php\/2012\/03\/29\/la-formacion-de-maestros-y-maestras-de-educacion-infantil\/\">La formaci\u00f3n de maestros y maestras de educaci\u00f3n infantil<\/a>, por Charo M\u00e9rida, Mar Romera y Nuria S\u00e1nchez.<\/span><\/li>\n<li style=\"text-align: justify;\"><span style=\"font-size: 12pt;\"><a href=\"http:\/\/revistaeco.cepcordoba.es\/index.php\/2012\/04\/03\/en-tres-vistas-la-formacion-del-profesorado-bibliotecario-escolar\/\">La formaci\u00f3n del profesorado bibliotecario escolar<\/a>, por Montserrat Escorsa, Gracia Santorum y Miguel Calvillo.<\/span><\/li>\n<li style=\"text-align: justify;\"><span style=\"font-size: 12pt;\"><a href=\"http:\/\/revistaeco.cepcordoba.es\/index.php\/2012\/04\/10\/la-formacion-del-profesorado-en-convivencia\/\">La formaci\u00f3n del profesorado en convivencia<\/a>, por Pedro Uru\u00f1uela.<\/span><\/li>\n<\/ul>\n<p style=\"text-align: justify;\"><span style=\"font-size: 12pt; font-family: arial, helvetica, sans-serif;\">A la vez que hemos querido contar con diversos puntos de vista, hemos igualmente intentado que estas visiones nos llegaran por medio de diversas presentaciones en forma de art\u00edculos de fondo, reportajes o entrevistas con una variedad que esperamos haga m\u00e1s rica su lectura.<\/span><\/p>\n<p style=\"text-align: justify;\"><span style=\"font-size: 12pt; font-family: arial, helvetica, sans-serif;\">Agradecemos a todas las colaboradoras y colaboradores el esfuerzo que han realizado por participar en estas fechas cargadas siempre de obligaciones laborales e igualmente agradecemos a nuestro compa\u00f1eros de las asesor\u00edas su apoyo y ayuda en la elaboraci\u00f3n de este n\u00famero extraordinario. Igualmente como lectores les agradecemos que nos hayan ayudado a comprender y aprehender mejor este complejo mundo de la ense\u00f1anza, m\u00e1s complejo a\u00fan si se trata de formar a formadores.<\/span><\/p>\n<p><a href=\"http:\/\/revistaeco.cepcordoba.es\/wp-content\/uploads\/2018\/05\/Presentacion.pdf\"><img loading=\"lazy\" decoding=\"async\" class=\"aligncenter wp-image-2828 size-medium\" src=\"http:\/\/revistaeco.cepcordoba.es\/wp-content\/uploads\/2018\/05\/revistaCEP_numeroEXTRA_fp_portada_descarga-212x300.png\" alt=\"\" width=\"212\" height=\"300\" srcset=\"https:\/\/revistaeco.cepcordoba.es\/wp-content\/uploads\/2018\/05\/revistaCEP_numeroEXTRA_fp_portada_descarga-212x300.png 212w, https:\/\/revistaeco.cepcordoba.es\/wp-content\/uploads\/2018\/05\/revistaCEP_numeroEXTRA_fp_portada_descarga-768x1086.png 768w, https:\/\/revistaeco.cepcordoba.es\/wp-content\/uploads\/2018\/05\/revistaCEP_numeroEXTRA_fp_portada_descarga-724x1024.png 724w, https:\/\/revistaeco.cepcordoba.es\/wp-content\/uploads\/2018\/05\/revistaCEP_numeroEXTRA_fp_portada_descarga.png 794w\" sizes=\"auto, (max-width: 212px) 100vw, 212px\" \/><\/a><\/p>\n","protected":false},"excerpt":{"rendered":"<p>Presentaci\u00f3n del N\u00famero Extraordinario<\/p>\n<p>Miguel Calvillo Jurado<br \/>\nManuel Lucena Rubio<br \/>\nJos\u00e9 Moraga Campos<\/p><p><a class=\"more-link btn\" href=\"https:\/\/revistaeco.cepcordoba.es\/index.php\/2012\/04\/19\/presentacion-transformar-la-formacion-del-profesorado\/\">Seguir leyendo<\/a><\/p>\n","protected":false},"author":1,"featured_media":0,"comment_status":"open","ping_status":"open","sticky":false,"template":"","format":"standard","meta":{"jetpack_post_was_ever_published":false,"_jetpack_newsletter_access":"","_jetpack_dont_email_post_to_subs":false,"_jetpack_newsletter_tier_id":0,"_jetpack_memberships_contains_paywalled_content":false,"_jetpack_memberships_contains_paid_content":false,"footnotes":"","jetpack_publicize_message":"","jetpack_publicize_feature_enabled":true,"jetpack_social_post_already_shared":false,"jetpack_social_options":{"image_generator_settings":{"template":"highway","default_image_id":0,"font":"","enabled":false},"version":2}},"categories":[26],"tags":[131],"class_list":["post-458","post","type-post","status-publish","format-standard","hentry","category-articulos-e-co-extra","tag-formacion-del-profesorado","nodate","item-wrap"],"jetpack_publicize_connections":[],"jetpack_featured_media_url":"","jetpack_sharing_enabled":true,"jetpack_shortlink":"https:\/\/wp.me\/p8j08t-7o","_links":{"self":[{"href":"https:\/\/revistaeco.cepcordoba.es\/index.php\/wp-json\/wp\/v2\/posts\/458","targetHints":{"allow":["GET"]}}],"collection":[{"href":"https:\/\/revistaeco.cepcordoba.es\/index.php\/wp-json\/wp\/v2\/posts"}],"about":[{"href":"https:\/\/revistaeco.cepcordoba.es\/index.php\/wp-json\/wp\/v2\/types\/post"}],"author":[{"embeddable":true,"href":"https:\/\/revistaeco.cepcordoba.es\/index.php\/wp-json\/wp\/v2\/users\/1"}],"replies":[{"embeddable":true,"href":"https:\/\/revistaeco.cepcordoba.es\/index.php\/wp-json\/wp\/v2\/comments?post=458"}],"version-history":[{"count":6,"href":"https:\/\/revistaeco.cepcordoba.es\/index.php\/wp-json\/wp\/v2\/posts\/458\/revisions"}],"predecessor-version":[{"id":2833,"href":"https:\/\/revistaeco.cepcordoba.es\/index.php\/wp-json\/wp\/v2\/posts\/458\/revisions\/2833"}],"wp:attachment":[{"href":"https:\/\/revistaeco.cepcordoba.es\/index.php\/wp-json\/wp\/v2\/media?parent=458"}],"wp:term":[{"taxonomy":"category","embeddable":true,"href":"https:\/\/revistaeco.cepcordoba.es\/index.php\/wp-json\/wp\/v2\/categories?post=458"},{"taxonomy":"post_tag","embeddable":true,"href":"https:\/\/revistaeco.cepcordoba.es\/index.php\/wp-json\/wp\/v2\/tags?post=458"}],"curies":[{"name":"wp","href":"https:\/\/api.w.org\/{rel}","templated":true}]}}