{"id":460,"date":"2012-09-15T16:09:08","date_gmt":"2012-09-15T16:09:08","guid":{"rendered":"http:\/\/revistaeco.cepcordoba.es\/index.php\/2012\/09\/15\/la-obesidad-infantil-un-reto-para-la-comunidad-educativa\/"},"modified":"2018-04-24T14:03:40","modified_gmt":"2018-04-24T13:03:40","slug":"la-obesidad-infantil-un-reto-para-la-comunidad-educativa","status":"publish","type":"post","link":"https:\/\/revistaeco.cepcordoba.es\/index.php\/2012\/09\/15\/la-obesidad-infantil-un-reto-para-la-comunidad-educativa\/","title":{"rendered":"LA OBESIDAD INFANTIL. UN RETO PARA LA COMUNIDAD EDUCATIVA."},"content":{"rendered":"<h4 style=\"text-align: justify;\"><span style=\"font-size: 12pt; font-family: arial, helvetica, sans-serif;\"><strong>AUTORES:<\/strong><\/span><\/h4>\n<p style=\"text-align: justify;\"><span style=\"font-size: 14pt;\"><strong><span style=\"font-family: arial, helvetica, sans-serif;\">Miguel \u00c1ngel Manrique G\u00f3mez\u00a0<\/span><\/strong><\/span><\/p>\n<p style=\"text-align: justify;\"><span style=\"font-size: 12pt; font-family: arial, helvetica, sans-serif;\"><span style=\"font-size: 14pt;\"><strong>Mar\u00eda Rosa Alhambra Exp\u00f3sito<\/strong><\/span>\u00a0<\/span><\/p>\n<h4 style=\"text-align: justify;\"><span style=\"font-size: 12pt; font-family: arial, helvetica, sans-serif;\"><strong>Resumen<\/strong><\/span><\/h4>\n<p style=\"text-align: justify;\"><span style=\"font-size: 12pt; font-family: arial, helvetica, sans-serif;\">Recientes estudios han revelado que la obesidad y el sobrepeso durante la adultez dependen, entre otros factores, de los h\u00e1bitos alimenticios adoptados durante la infancia. El progresivo aumento de esta enfermedad en menores y la falta de h\u00e1bitos nutricionales adecuados nos han llevado a plantearnos esta problem\u00e1tica y a cu\u00e1les podr\u00edan ser sus posibles soluciones desde la educaci\u00f3n infantil y primaria.<\/span><\/p>\n<p><a href=\"http:\/\/revistaeco.cepcordoba.es\/wp-content\/uploads\/2018\/04\/Manrique.pdf\"><img loading=\"lazy\" decoding=\"async\" class=\"aligncenter wp-image-2671 size-medium\" src=\"http:\/\/revistaeco.cepcordoba.es\/wp-content\/uploads\/2018\/04\/revistaCEP_numero10_portadA_DESCarga-212x300.png\" alt=\"\" width=\"212\" height=\"300\" srcset=\"https:\/\/revistaeco.cepcordoba.es\/wp-content\/uploads\/2018\/04\/revistaCEP_numero10_portadA_DESCarga-212x300.png 212w, https:\/\/revistaeco.cepcordoba.es\/wp-content\/uploads\/2018\/04\/revistaCEP_numero10_portadA_DESCarga-768x1086.png 768w, https:\/\/revistaeco.cepcordoba.es\/wp-content\/uploads\/2018\/04\/revistaCEP_numero10_portadA_DESCarga-724x1024.png 724w, https:\/\/revistaeco.cepcordoba.es\/wp-content\/uploads\/2018\/04\/revistaCEP_numero10_portadA_DESCarga.png 794w\" sizes=\"auto, (max-width: 212px) 100vw, 212px\" \/><\/a><\/p>\n<p style=\"text-align: justify;\">\n","protected":false},"excerpt":{"rendered":"<p>Autores<br \/>\nMiguel \u00c1ngel Manrique G\u00f3mez<br \/>\nMar\u00eda Rosa Alhambra Exp\u00f3sito <\/p>\n<p>Resumen<br \/>\nRecientes estudios han revelado que la obesidad y el sobrepeso durante la adultez dependen, entre otros factores, de los h\u00e1bitos alimenticios adoptados durante la infancia. El progresivo aumento de esta enfermedad en menores y la falta de h\u00e1bitos nutricionales adecuados nos han llevado a plantearnos esta problem\u00e1tica y a cu\u00e1les podr\u00edan ser sus posibles soluciones desde la educaci\u00f3n infantil y primaria.<\/p><p><a class=\"more-link btn\" href=\"https:\/\/revistaeco.cepcordoba.es\/index.php\/2012\/09\/15\/la-obesidad-infantil-un-reto-para-la-comunidad-educativa\/\">Seguir leyendo<\/a><\/p>\n","protected":false},"author":1,"featured_media":0,"comment_status":"open","ping_status":"open","sticky":false,"template":"","format":"standard","meta":{"jetpack_post_was_ever_published":false,"_jetpack_newsletter_access":"","_jetpack_dont_email_post_to_subs":false,"_jetpack_newsletter_tier_id":0,"_jetpack_memberships_contains_paywalled_content":false,"_jetpack_memberships_contains_paid_content":false,"footnotes":"","jetpack_publicize_message":"","jetpack_publicize_feature_enabled":true,"jetpack_social_post_already_shared":false,"jetpack_social_options":{"image_generator_settings":{"template":"highway","default_image_id":0,"font":"","enabled":false},"version":2}},"categories":[23],"tags":[294],"class_list":["post-460","post","type-post","status-publish","format-standard","hentry","category-articulos-e-co-numero-10","tag-educacion-para-la-salud","nodate","item-wrap"],"jetpack_publicize_connections":[],"jetpack_featured_media_url":"","jetpack_sharing_enabled":true,"jetpack_shortlink":"https:\/\/wp.me\/p8j08t-7q","_links":{"self":[{"href":"https:\/\/revistaeco.cepcordoba.es\/index.php\/wp-json\/wp\/v2\/posts\/460","targetHints":{"allow":["GET"]}}],"collection":[{"href":"https:\/\/revistaeco.cepcordoba.es\/index.php\/wp-json\/wp\/v2\/posts"}],"about":[{"href":"https:\/\/revistaeco.cepcordoba.es\/index.php\/wp-json\/wp\/v2\/types\/post"}],"author":[{"embeddable":true,"href":"https:\/\/revistaeco.cepcordoba.es\/index.php\/wp-json\/wp\/v2\/users\/1"}],"replies":[{"embeddable":true,"href":"https:\/\/revistaeco.cepcordoba.es\/index.php\/wp-json\/wp\/v2\/comments?post=460"}],"version-history":[{"count":3,"href":"https:\/\/revistaeco.cepcordoba.es\/index.php\/wp-json\/wp\/v2\/posts\/460\/revisions"}],"predecessor-version":[{"id":1902,"href":"https:\/\/revistaeco.cepcordoba.es\/index.php\/wp-json\/wp\/v2\/posts\/460\/revisions\/1902"}],"wp:attachment":[{"href":"https:\/\/revistaeco.cepcordoba.es\/index.php\/wp-json\/wp\/v2\/media?parent=460"}],"wp:term":[{"taxonomy":"category","embeddable":true,"href":"https:\/\/revistaeco.cepcordoba.es\/index.php\/wp-json\/wp\/v2\/categories?post=460"},{"taxonomy":"post_tag","embeddable":true,"href":"https:\/\/revistaeco.cepcordoba.es\/index.php\/wp-json\/wp\/v2\/tags?post=460"}],"curies":[{"name":"wp","href":"https:\/\/api.w.org\/{rel}","templated":true}]}}