{"id":476,"date":"2012-11-13T17:10:50","date_gmt":"2012-11-13T17:10:50","guid":{"rendered":"http:\/\/revistaeco.cepcordoba.es\/index.php\/2012\/11\/13\/educar-en-tiempos-de-crisis-aprovechando-la-adversidad-como-oportunidad\/"},"modified":"2018-04-26T11:01:17","modified_gmt":"2018-04-26T10:01:17","slug":"educar-en-tiempos-de-crisis-aprovechando-la-adversidad-como-oportunidad","status":"publish","type":"post","link":"https:\/\/revistaeco.cepcordoba.es\/index.php\/2012\/11\/13\/educar-en-tiempos-de-crisis-aprovechando-la-adversidad-como-oportunidad\/","title":{"rendered":"EDUCAR EN TIEMPOS DE CRISIS: APROVECHANDO LA ADVERSIDAD COMO OPORTUNIDAD"},"content":{"rendered":"<h4 lang=\"es-ES\" style=\"text-align: left;\"><span style=\"font-size: 12pt; font-family: arial, helvetica, sans-serif;\"><strong>AUTORA:\u00a0<\/strong><\/span><\/h4>\n<p lang=\"es-ES\"><strong><span style=\"font-size: 14pt; font-family: arial, helvetica, sans-serif;\">Rosario M\u00e9rida Serrano<\/span><\/strong><\/p>\n<p lang=\"es-ES\"><span style=\"font-size: 12pt; font-family: arial, helvetica, sans-serif;\">Departamento de Educaci\u00f3n de la Universidad de C\u00f3rdoba<\/span><\/p>\n<p>&nbsp;<\/p>\n<h4 lang=\"es-ES\"><span style=\"font-size: 12pt; font-family: arial, helvetica, sans-serif;\"><strong>Resumen<\/strong><\/span><\/h4>\n<p lang=\"es-ES\" align=\"JUSTIFY\"><span style=\"font-size: 12pt; font-family: arial, helvetica, sans-serif;\">El art\u00edculo muestra una reflexi\u00f3n sobre la reforma de los estudios universitarios promovidos por el Espacio Europeo de Educaci\u00f3n Superior. Se centra en el \u00e1mbito de la formaci\u00f3n inicial del profesorado, deteni\u00e9ndose en el an\u00e1lisis de las novedades incluidas en los Planes de Estudio del Grado de Maestro y Maestra. Se confronta el cambio planificado y su impacto real en las pr\u00e1cticas de aula. Concluye describiendo una serie de obst\u00e1culos que han ralentizado el \u00e9xito de la reforma, pero que lejos de abocar al des\u00e1nimo, han de utilizarse como acicate para fortalecer el compromiso p\u00fablico de quienes se dedican a la docencia.<\/span><\/p>\n<p lang=\"es-ES\" align=\"JUSTIFY\"><span style=\"font-size: small;\"><a href=\"http:\/\/revistaeco.cepcordoba.es\/wp-content\/uploads\/2018\/04\/Merida.pdf\"><img loading=\"lazy\" decoding=\"async\" class=\"aligncenter wp-image-2671 size-medium\" src=\"http:\/\/revistaeco.cepcordoba.es\/wp-content\/uploads\/2018\/04\/revistaCEP_numero10_portadA_DESCarga-212x300.png\" alt=\"\" width=\"212\" height=\"300\" srcset=\"https:\/\/revistaeco.cepcordoba.es\/wp-content\/uploads\/2018\/04\/revistaCEP_numero10_portadA_DESCarga-212x300.png 212w, https:\/\/revistaeco.cepcordoba.es\/wp-content\/uploads\/2018\/04\/revistaCEP_numero10_portadA_DESCarga-768x1086.png 768w, https:\/\/revistaeco.cepcordoba.es\/wp-content\/uploads\/2018\/04\/revistaCEP_numero10_portadA_DESCarga-724x1024.png 724w, https:\/\/revistaeco.cepcordoba.es\/wp-content\/uploads\/2018\/04\/revistaCEP_numero10_portadA_DESCarga.png 794w\" sizes=\"auto, (max-width: 212px) 100vw, 212px\" \/><\/a>\u00a0<\/span><\/p>\n<p align=\"JUSTIFY\">\n","protected":false},"excerpt":{"rendered":"<p>Autora<br \/>\nM\u00e9rida Serrano, Rosario.<\/p>\n<p>Resumen<br \/>\nEl art\u00edculo muestra una reflexi\u00f3n sobre la reforma de los estudios universitarios promovidos por el Espacio Europeo de Educaci\u00f3n Superior. Se centra en el \u00e1mbito de la formaci\u00f3n inicial del profesorado, deteni\u00e9ndose en el an\u00e1lisis de las novedades incluidas en los Planes de Estudio del Grado de Maestro y Maestra. Se confronta el cambio planificado y su impacto real en las pr\u00e1cticas de aula. Concluye describiendo una serie de obst\u00e1culos que han ralentizado el \u00e9xito de la reforma, pero que lejos de abocar al des\u00e1nimo, han de utilizarse como acicate para fortalecer el compromiso p\u00fablico de quienes se dedican a la docencia.<\/p><p><a class=\"more-link btn\" href=\"https:\/\/revistaeco.cepcordoba.es\/index.php\/2012\/11\/13\/educar-en-tiempos-de-crisis-aprovechando-la-adversidad-como-oportunidad\/\">Seguir leyendo<\/a><\/p>\n","protected":false},"author":1,"featured_media":0,"comment_status":"open","ping_status":"open","sticky":false,"template":"","format":"standard","meta":{"jetpack_post_was_ever_published":false,"_jetpack_newsletter_access":"","_jetpack_dont_email_post_to_subs":false,"_jetpack_newsletter_tier_id":0,"_jetpack_memberships_contains_paywalled_content":false,"_jetpack_memberships_contains_paid_content":false,"footnotes":"","jetpack_publicize_message":"","jetpack_publicize_feature_enabled":true,"jetpack_social_post_already_shared":false,"jetpack_social_options":{"image_generator_settings":{"template":"highway","default_image_id":0,"font":"","enabled":false},"version":2}},"categories":[24],"tags":[358,59,357,131,100],"class_list":["post-476","post","type-post","status-publish","format-standard","hentry","category-monografico-e-co-numero-10","tag-crisis","tag-educacion-infantil","tag-educar","tag-formacion-del-profesorado","tag-universidad","nodate","item-wrap"],"jetpack_publicize_connections":[],"jetpack_featured_media_url":"","jetpack_sharing_enabled":true,"jetpack_shortlink":"https:\/\/wp.me\/p8j08t-7G","_links":{"self":[{"href":"https:\/\/revistaeco.cepcordoba.es\/index.php\/wp-json\/wp\/v2\/posts\/476","targetHints":{"allow":["GET"]}}],"collection":[{"href":"https:\/\/revistaeco.cepcordoba.es\/index.php\/wp-json\/wp\/v2\/posts"}],"about":[{"href":"https:\/\/revistaeco.cepcordoba.es\/index.php\/wp-json\/wp\/v2\/types\/post"}],"author":[{"embeddable":true,"href":"https:\/\/revistaeco.cepcordoba.es\/index.php\/wp-json\/wp\/v2\/users\/1"}],"replies":[{"embeddable":true,"href":"https:\/\/revistaeco.cepcordoba.es\/index.php\/wp-json\/wp\/v2\/comments?post=476"}],"version-history":[{"count":5,"href":"https:\/\/revistaeco.cepcordoba.es\/index.php\/wp-json\/wp\/v2\/posts\/476\/revisions"}],"predecessor-version":[{"id":2742,"href":"https:\/\/revistaeco.cepcordoba.es\/index.php\/wp-json\/wp\/v2\/posts\/476\/revisions\/2742"}],"wp:attachment":[{"href":"https:\/\/revistaeco.cepcordoba.es\/index.php\/wp-json\/wp\/v2\/media?parent=476"}],"wp:term":[{"taxonomy":"category","embeddable":true,"href":"https:\/\/revistaeco.cepcordoba.es\/index.php\/wp-json\/wp\/v2\/categories?post=476"},{"taxonomy":"post_tag","embeddable":true,"href":"https:\/\/revistaeco.cepcordoba.es\/index.php\/wp-json\/wp\/v2\/tags?post=476"}],"curies":[{"name":"wp","href":"https:\/\/api.w.org\/{rel}","templated":true}]}}