{"id":536,"date":"2012-11-14T08:08:40","date_gmt":"2012-11-14T08:08:40","guid":{"rendered":"http:\/\/revistaeco.cepcordoba.es\/index.php\/2012\/11\/14\/prioridades-necesarias-para-una-mejor-educacion-infantil\/"},"modified":"2018-04-26T11:30:04","modified_gmt":"2018-04-26T10:30:04","slug":"prioridades-necesarias-para-una-mejor-educacion-infantil","status":"publish","type":"post","link":"https:\/\/revistaeco.cepcordoba.es\/index.php\/2012\/11\/14\/prioridades-necesarias-para-una-mejor-educacion-infantil\/","title":{"rendered":"PRIORIDADES NECESARIAS PARA UNA MEJOR EDUCACI\u00d3N INFANTIL"},"content":{"rendered":"<h4 align=\"LEFT\"><span style=\"font-size: 12pt; font-family: arial, helvetica, sans-serif;\"><strong>AUTOR: <\/strong>\u00a0<\/span><\/h4>\n<p align=\"JUSTIFY\"><span style=\"font-size: 14pt;\"><strong><span style=\"font-family: arial, helvetica, sans-serif;\">Jorge S\u00e1nchez de Puerta Rey\u00a0<\/span><\/strong><\/span><\/p>\n<p align=\"JUSTIFY\"><span style=\"font-size: 12pt; font-family: arial, helvetica, sans-serif;\">CEIP Santa B\u00e1rbara, Cerro Muriano, C\u00f3rdoba<br \/>\n<\/span><\/p>\n<p><span style=\"font-size: 12pt; font-family: arial, helvetica, sans-serif;\">\u00a0<\/span><\/p>\n<h4 align=\"JUSTIFY\"><span style=\"font-size: 12pt; font-family: arial, helvetica, sans-serif;\"><strong>Resumen<\/strong>\u00a0<\/span><\/h4>\n<p align=\"JUSTIFY\"><span style=\"font-family: arial, helvetica, sans-serif;\"><span style=\"font-size: 12pt;\">La Educaci\u00f3n Infantil debe contar con los profesionales necesarios para garantizar un desarrollo de calidad y equidad en las primeras edades que eviten el fracaso posterior. La selecci\u00f3n de los mismos ser\u00e1 precisa de forma m\u00e1s acorde con el perfil que deseemos establecer.\u00a0Las leyes tienen un papel importante pero no determinante en este objetivo. Una buena planificaci\u00f3n del trabajo y el respeto por la misma ser\u00e1 un factor mucho m\u00e1s decisivo. Pero esta planificaci\u00f3n debe estar, adem\u00e1s, basada en los principios propios de la etapa y no en los que deben ser abordados con la necesaria posterioridad entre los pasos que gu\u00edan un proceso.\u00a0<\/span><span style=\"font-size: small;\"><span style=\"font-size: 12pt;\">La familia debe ser la aut\u00e9ntica garante del \u00e9xito de la misi\u00f3n. Se hace necesaria la asunci\u00f3n precisa de responsabilidades en un trabajo coordinado con la escuela.<\/span><\/span><\/span><\/p>\n<p align=\"JUSTIFY\"><a href=\"http:\/\/revistaeco.cepcordoba.es\/wp-content\/uploads\/2018\/04\/Sanchez.pdf\"><img loading=\"lazy\" decoding=\"async\" class=\"aligncenter wp-image-2671 size-medium\" src=\"http:\/\/revistaeco.cepcordoba.es\/wp-content\/uploads\/2018\/04\/revistaCEP_numero10_portadA_DESCarga-212x300.png\" alt=\"\" width=\"212\" height=\"300\" srcset=\"https:\/\/revistaeco.cepcordoba.es\/wp-content\/uploads\/2018\/04\/revistaCEP_numero10_portadA_DESCarga-212x300.png 212w, https:\/\/revistaeco.cepcordoba.es\/wp-content\/uploads\/2018\/04\/revistaCEP_numero10_portadA_DESCarga-768x1086.png 768w, https:\/\/revistaeco.cepcordoba.es\/wp-content\/uploads\/2018\/04\/revistaCEP_numero10_portadA_DESCarga-724x1024.png 724w, https:\/\/revistaeco.cepcordoba.es\/wp-content\/uploads\/2018\/04\/revistaCEP_numero10_portadA_DESCarga.png 794w\" sizes=\"auto, (max-width: 212px) 100vw, 212px\" \/><\/a><\/p>\n","protected":false},"excerpt":{"rendered":"<p>Autor<br \/>\nS\u00e1nchez de Puerta Rey, Jorge<\/p>\n<p>Resumen<br \/>\nLa Educaci\u00f3n Infantil debe contar con los profesionales necesarios para garantizar un desarrollo de calidad y equidad en las primeras edades que eviten el fracaso posterior. La selecci\u00f3n de los mismos ser\u00e1 precisa de forma m\u00e1s acorde con el perfil que deseemos establecer. Las leyes tienen un papel importante pero no determinante en este objetivo. Una buena planificaci\u00f3n del trabajo y el respeto por la misma ser\u00e1 un factor mucho m\u00e1s decisivo. Pero esta planificaci\u00f3n debe estar, adem\u00e1s, basada en los principios propios de la etapa y no en los que deben ser abordados con la necesaria posterioridad entre los pasos que gu\u00edan un proceso. La familia debe ser la aut\u00e9ntica garante del \u00e9xito de la misi\u00f3n. Se hace necesaria la asunci\u00f3n precisa de responsabilidades en un trabajo coordinado con la escuela.<\/p><p><a class=\"more-link btn\" href=\"https:\/\/revistaeco.cepcordoba.es\/index.php\/2012\/11\/14\/prioridades-necesarias-para-una-mejor-educacion-infantil\/\">Seguir leyendo<\/a><\/p>\n","protected":false},"author":1,"featured_media":0,"comment_status":"open","ping_status":"open","sticky":false,"template":"","format":"standard","meta":{"jetpack_post_was_ever_published":false,"_jetpack_newsletter_access":"","_jetpack_dont_email_post_to_subs":false,"_jetpack_newsletter_tier_id":0,"_jetpack_memberships_contains_paywalled_content":false,"_jetpack_memberships_contains_paid_content":false,"footnotes":"","jetpack_publicize_message":"","jetpack_publicize_feature_enabled":true,"jetpack_social_post_already_shared":false,"jetpack_social_options":{"image_generator_settings":{"template":"highway","default_image_id":0,"font":"","enabled":false},"version":2}},"categories":[24],"tags":[59,107],"class_list":["post-536","post","type-post","status-publish","format-standard","hentry","category-monografico-e-co-numero-10","tag-educacion-infantil","tag-mejora","nodate","item-wrap"],"jetpack_publicize_connections":[],"jetpack_featured_media_url":"","jetpack_sharing_enabled":true,"jetpack_shortlink":"https:\/\/wp.me\/p8j08t-8E","_links":{"self":[{"href":"https:\/\/revistaeco.cepcordoba.es\/index.php\/wp-json\/wp\/v2\/posts\/536","targetHints":{"allow":["GET"]}}],"collection":[{"href":"https:\/\/revistaeco.cepcordoba.es\/index.php\/wp-json\/wp\/v2\/posts"}],"about":[{"href":"https:\/\/revistaeco.cepcordoba.es\/index.php\/wp-json\/wp\/v2\/types\/post"}],"author":[{"embeddable":true,"href":"https:\/\/revistaeco.cepcordoba.es\/index.php\/wp-json\/wp\/v2\/users\/1"}],"replies":[{"embeddable":true,"href":"https:\/\/revistaeco.cepcordoba.es\/index.php\/wp-json\/wp\/v2\/comments?post=536"}],"version-history":[{"count":3,"href":"https:\/\/revistaeco.cepcordoba.es\/index.php\/wp-json\/wp\/v2\/posts\/536\/revisions"}],"predecessor-version":[{"id":1933,"href":"https:\/\/revistaeco.cepcordoba.es\/index.php\/wp-json\/wp\/v2\/posts\/536\/revisions\/1933"}],"wp:attachment":[{"href":"https:\/\/revistaeco.cepcordoba.es\/index.php\/wp-json\/wp\/v2\/media?parent=536"}],"wp:term":[{"taxonomy":"category","embeddable":true,"href":"https:\/\/revistaeco.cepcordoba.es\/index.php\/wp-json\/wp\/v2\/categories?post=536"},{"taxonomy":"post_tag","embeddable":true,"href":"https:\/\/revistaeco.cepcordoba.es\/index.php\/wp-json\/wp\/v2\/tags?post=536"}],"curies":[{"name":"wp","href":"https:\/\/api.w.org\/{rel}","templated":true}]}}