{"id":5682,"date":"2024-04-13T16:17:23","date_gmt":"2024-04-13T15:17:23","guid":{"rendered":"https:\/\/revistaeco.cepcordoba.es\/?p=5682"},"modified":"2024-04-22T07:46:04","modified_gmt":"2024-04-22T06:46:04","slug":"mi-cole-apuesta-por-un-mundo-mas-ecologico","status":"publish","type":"post","link":"https:\/\/revistaeco.cepcordoba.es\/index.php\/2024\/04\/13\/mi-cole-apuesta-por-un-mundo-mas-ecologico\/","title":{"rendered":"<strong>MI COLE APUESTA POR UN MUNDO M\u00c1S ECOL\u00d3GICO<\/strong>"},"content":{"rendered":"<h3><strong>AUTOR\/A:<\/strong><\/h3>\n<h4><strong>Sara Lucena Lorenzo<\/strong><\/h4>\n<h4><strong>\u00a0<\/strong><strong>V\u00edctor Pablo Pardo Arquero<\/strong><\/h4>\n<p>CEIP Antonio Machado (Lucena, Espa\u00f1a)<\/p>\n<h4>RESUMEN<\/h4>\n<p>El programa educativo Aldea supone un espacio ideal para concienciar a la comunidad educativa sobre la importancia del cuidado y conservaci\u00f3n del medioambiente. En nuestro caso, presentamos la experiencia educativa con reforestaciones forestales de la v\u00eda verde del entorno pr\u00f3ximo al centro, los ecohuertos escolares y las patrullas verdes. Sin embargo, las administraciones educativas, lejos de incentivar a los docentes, eliminan sus tiempos para la coordinaci\u00f3n de estos planes y programas.<\/p>\n<h4><strong>ABSTRACT<\/strong><\/h4>\n<p>Aldea educational program is an ideal space to raise awareness in the educational community about the importance of caring for and conserving the environment. In our case, we present the educational experience with forest reforestation of the greenway in the area near the center, the school eco-gardens and the green patrols. However, educational administrations, far from encouraging teachers, cut their time for coordinating these plans and programs.<\/p>\n<p><a href=\"http:\/\/revistaeco.cepcordoba.es\/wp-content\/uploads\/2024\/04\/Lucena2.pdf\" target=\"_blank\" rel=\"noopener\"><img loading=\"lazy\" decoding=\"async\" class=\"aligncenter wp-image-5651 size-medium\" src=\"http:\/\/revistaeco.cepcordoba.es\/wp-content\/uploads\/2024\/04\/portada_21_descarga-212x300.jpg\" alt=\"\" width=\"212\" height=\"300\" srcset=\"https:\/\/revistaeco.cepcordoba.es\/wp-content\/uploads\/2024\/04\/portada_21_descarga-212x300.jpg 212w, https:\/\/revistaeco.cepcordoba.es\/wp-content\/uploads\/2024\/04\/portada_21_descarga-724x1024.jpg 724w, https:\/\/revistaeco.cepcordoba.es\/wp-content\/uploads\/2024\/04\/portada_21_descarga-768x1086.jpg 768w, https:\/\/revistaeco.cepcordoba.es\/wp-content\/uploads\/2024\/04\/portada_21_descarga.jpg 794w\" sizes=\"auto, (max-width: 212px) 100vw, 212px\" \/><\/a><\/p>\n","protected":false},"excerpt":{"rendered":"<p>AUTOR\/A: Sara Lucena Lorenzo \u00a0V\u00edctor Pablo Pardo Arquero CEIP Antonio Machado (Lucena, Espa\u00f1a) RESUMEN El programa educativo Aldea supone un espacio ideal para concienciar a la comunidad educativa sobre la importancia del cuidado y conservaci\u00f3n del medioambiente. En nuestro caso, presentamos la experiencia educativa con reforestaciones forestales de la v\u00eda verde del entorno pr\u00f3ximo al &hellip; <\/p>\n<p><a class=\"more-link btn\" href=\"https:\/\/revistaeco.cepcordoba.es\/index.php\/2024\/04\/13\/mi-cole-apuesta-por-un-mundo-mas-ecologico\/\">Seguir leyendo<\/a><\/p>\n","protected":false},"author":1,"featured_media":0,"comment_status":"closed","ping_status":"closed","sticky":false,"template":"","format":"standard","meta":{"jetpack_post_was_ever_published":false,"_jetpack_newsletter_access":"","_jetpack_dont_email_post_to_subs":false,"_jetpack_newsletter_tier_id":0,"_jetpack_memberships_contains_paywalled_content":false,"_jetpack_memberships_contains_paid_content":false,"footnotes":"","jetpack_publicize_message":"","jetpack_publicize_feature_enabled":true,"jetpack_social_post_already_shared":true,"jetpack_social_options":{"image_generator_settings":{"template":"highway","default_image_id":0,"font":"","enabled":false},"version":2}},"categories":[1045,1048],"tags":[1055,1057,1056,1058,1059],"class_list":["post-5682","post","type-post","status-publish","format-standard","hentry","category-e-co-numero-21","category-experiencias-e-co-numero-21","tag-ecologia","tag-huerto","tag-medio-ambiente","tag-reciclaje","tag-reforestacion","nodate","item-wrap"],"jetpack_publicize_connections":[],"jetpack_featured_media_url":"","jetpack_sharing_enabled":true,"jetpack_shortlink":"https:\/\/wp.me\/p8j08t-1tE","_links":{"self":[{"href":"https:\/\/revistaeco.cepcordoba.es\/index.php\/wp-json\/wp\/v2\/posts\/5682","targetHints":{"allow":["GET"]}}],"collection":[{"href":"https:\/\/revistaeco.cepcordoba.es\/index.php\/wp-json\/wp\/v2\/posts"}],"about":[{"href":"https:\/\/revistaeco.cepcordoba.es\/index.php\/wp-json\/wp\/v2\/types\/post"}],"author":[{"embeddable":true,"href":"https:\/\/revistaeco.cepcordoba.es\/index.php\/wp-json\/wp\/v2\/users\/1"}],"replies":[{"embeddable":true,"href":"https:\/\/revistaeco.cepcordoba.es\/index.php\/wp-json\/wp\/v2\/comments?post=5682"}],"version-history":[{"count":2,"href":"https:\/\/revistaeco.cepcordoba.es\/index.php\/wp-json\/wp\/v2\/posts\/5682\/revisions"}],"predecessor-version":[{"id":5769,"href":"https:\/\/revistaeco.cepcordoba.es\/index.php\/wp-json\/wp\/v2\/posts\/5682\/revisions\/5769"}],"wp:attachment":[{"href":"https:\/\/revistaeco.cepcordoba.es\/index.php\/wp-json\/wp\/v2\/media?parent=5682"}],"wp:term":[{"taxonomy":"category","embeddable":true,"href":"https:\/\/revistaeco.cepcordoba.es\/index.php\/wp-json\/wp\/v2\/categories?post=5682"},{"taxonomy":"post_tag","embeddable":true,"href":"https:\/\/revistaeco.cepcordoba.es\/index.php\/wp-json\/wp\/v2\/tags?post=5682"}],"curies":[{"name":"wp","href":"https:\/\/api.w.org\/{rel}","templated":true}]}}