{"id":5845,"date":"2025-03-29T17:29:12","date_gmt":"2025-03-29T16:29:12","guid":{"rendered":"https:\/\/revistaeco.cepcordoba.es\/?p=5845"},"modified":"2025-04-30T15:43:34","modified_gmt":"2025-04-30T14:43:34","slug":"de-los-deportes-extraescolares-a-las-actividades-fisicas-escolares","status":"publish","type":"post","link":"https:\/\/revistaeco.cepcordoba.es\/index.php\/2025\/03\/29\/de-los-deportes-extraescolares-a-las-actividades-fisicas-escolares\/","title":{"rendered":"DE LOS DEPORTES EXTRAESCOLARES A LAS ACTIVIDADES F\u00cdSICAS ESCOLARES"},"content":{"rendered":"\n<h3 class=\"wp-block-heading\"><strong>AUTORES:<\/strong><\/h3>\n\n\n\n<h4 class=\"wp-block-heading\"><strong>Rafael Padillo Urbano<\/strong><\/h4>\n\n\n\n<p>CEIP <em>Nuestra Se\u00f1ora de Araceli<\/em>. (Lucena, C\u00f3rdoba)<\/p>\n\n\n\n<h4><strong>V\u00edctor Pablo Pardo Arquero<\/strong><\/h4>\n\n\n\n<p>CEIP <em>Antonio Machado<\/em> (Lucena, C\u00f3rdoba)<\/p>\n\n\n\n<h4 class=\"wp-block-heading\"><strong>RESUMEN<\/strong><\/h4>\n\n\n\n<p>El objetivo del presente estudio es conocer la participaci\u00f3n del alumnado (10-12 a\u00f1os) en las actividades f\u00edsicas y deportivas extraescolares regladas y su conexi\u00f3n participativa en horario escolar (recreos y Educaci\u00f3n F\u00edsica (EF)) en diversos colegios p\u00fablicos de Lucena (C\u00f3rdoba. Espa\u00f1a). Para ello, se realiz\u00f3 un estudio sociol\u00f3gico a trav\u00e9s de un cuestionario. Habiendo encontrado diferencias de g\u00e9nero en la participaci\u00f3n en actividades, con el f\u00fatbol y el baloncesto se\u00f1alados por m\u00e1s chicos, o los bailes se\u00f1alados por m\u00e1s chicas. Adem\u00e1s, se aprecia una disminuci\u00f3n de la participaci\u00f3n cuanto mayor es el alumnado.<\/p>\n\n\n\n<h4 class=\"wp-block-heading\"><strong>ABSTRACT<\/strong><\/h4>\n\n\n\n<p>The aim of this study is to know the participation of students (10-12 years old) in regulated extracurricular physical and sports activities and their connection in school hours (at breaktime and Physical Education (PE)) in public schools in Lucena (C\u00f3rdoba, Spain). For this, a sociological study was carried out through a questionnaire. Gender differences were found in participation in activities, with football and basketball indicated by more boys, or dances indicated by more girls. Furthermore, a decrease in participation is seen the older the students are.<\/p>\n\n\n\n<p><a href=\"http:\/\/revistaeco.cepcordoba.es\/wp-content\/uploads\/2025\/04\/Padillo.pdf\" target=\"_blank\" rel=\"noopener\"><img loading=\"lazy\" decoding=\"async\" class=\"aligncenter wp-image-5833 size-medium\" src=\"http:\/\/revistaeco.cepcordoba.es\/wp-content\/uploads\/2025\/03\/portada_22_descarga-212x300.jpg\" alt=\"\" width=\"212\" height=\"300\" srcset=\"https:\/\/revistaeco.cepcordoba.es\/wp-content\/uploads\/2025\/03\/portada_22_descarga-212x300.jpg 212w, https:\/\/revistaeco.cepcordoba.es\/wp-content\/uploads\/2025\/03\/portada_22_descarga-724x1024.jpg 724w, https:\/\/revistaeco.cepcordoba.es\/wp-content\/uploads\/2025\/03\/portada_22_descarga-768x1086.jpg 768w, https:\/\/revistaeco.cepcordoba.es\/wp-content\/uploads\/2025\/03\/portada_22_descarga.jpg 794w\" sizes=\"auto, (max-width: 212px) 100vw, 212px\" \/><\/a><\/p>\n","protected":false},"excerpt":{"rendered":"<p>AUTORES: Rafael Padillo Urbano CEIP Nuestra Se\u00f1ora de Araceli. (Lucena, C\u00f3rdoba) V\u00edctor Pablo Pardo Arquero CEIP Antonio Machado (Lucena, C\u00f3rdoba) RESUMEN El objetivo del presente estudio es conocer la participaci\u00f3n del alumnado (10-12 a\u00f1os) en las actividades f\u00edsicas y deportivas extraescolares regladas y su conexi\u00f3n participativa en horario escolar (recreos y Educaci\u00f3n F\u00edsica (EF)) en &hellip; <\/p>\n<p><a class=\"more-link btn\" href=\"https:\/\/revistaeco.cepcordoba.es\/index.php\/2025\/03\/29\/de-los-deportes-extraescolares-a-las-actividades-fisicas-escolares\/\">Seguir leyendo<\/a><\/p>\n","protected":false},"author":1,"featured_media":0,"comment_status":"closed","ping_status":"closed","sticky":false,"template":"","format":"standard","meta":{"jetpack_post_was_ever_published":false,"_jetpack_newsletter_access":"","_jetpack_dont_email_post_to_subs":false,"_jetpack_newsletter_tier_id":0,"_jetpack_memberships_contains_paywalled_content":false,"_jetpack_memberships_contains_paid_content":false,"footnotes":"","jetpack_publicize_message":"","jetpack_publicize_feature_enabled":true,"jetpack_social_post_already_shared":true,"jetpack_social_options":{"image_generator_settings":{"template":"highway","default_image_id":0,"font":"","enabled":false},"version":2}},"categories":[1074,1073],"tags":[438,1030,153,1084,652],"class_list":["post-5845","post","type-post","status-publish","format-standard","hentry","category-articulos-e-co-numero-22","category-e-co-numero-22","tag-actividades-extraescolares","tag-igualdad","tag-participacion","tag-recreo","tag-salud","nodate","item-wrap"],"jetpack_publicize_connections":[],"jetpack_featured_media_url":"","jetpack_sharing_enabled":true,"jetpack_shortlink":"https:\/\/wp.me\/p8j08t-1wh","_links":{"self":[{"href":"https:\/\/revistaeco.cepcordoba.es\/index.php\/wp-json\/wp\/v2\/posts\/5845","targetHints":{"allow":["GET"]}}],"collection":[{"href":"https:\/\/revistaeco.cepcordoba.es\/index.php\/wp-json\/wp\/v2\/posts"}],"about":[{"href":"https:\/\/revistaeco.cepcordoba.es\/index.php\/wp-json\/wp\/v2\/types\/post"}],"author":[{"embeddable":true,"href":"https:\/\/revistaeco.cepcordoba.es\/index.php\/wp-json\/wp\/v2\/users\/1"}],"replies":[{"embeddable":true,"href":"https:\/\/revistaeco.cepcordoba.es\/index.php\/wp-json\/wp\/v2\/comments?post=5845"}],"version-history":[{"count":4,"href":"https:\/\/revistaeco.cepcordoba.es\/index.php\/wp-json\/wp\/v2\/posts\/5845\/revisions"}],"predecessor-version":[{"id":5999,"href":"https:\/\/revistaeco.cepcordoba.es\/index.php\/wp-json\/wp\/v2\/posts\/5845\/revisions\/5999"}],"wp:attachment":[{"href":"https:\/\/revistaeco.cepcordoba.es\/index.php\/wp-json\/wp\/v2\/media?parent=5845"}],"wp:term":[{"taxonomy":"category","embeddable":true,"href":"https:\/\/revistaeco.cepcordoba.es\/index.php\/wp-json\/wp\/v2\/categories?post=5845"},{"taxonomy":"post_tag","embeddable":true,"href":"https:\/\/revistaeco.cepcordoba.es\/index.php\/wp-json\/wp\/v2\/tags?post=5845"}],"curies":[{"name":"wp","href":"https:\/\/api.w.org\/{rel}","templated":true}]}}