{"id":640,"date":"2013-03-12T14:39:41","date_gmt":"2013-03-12T14:39:41","guid":{"rendered":"http:\/\/revistaeco.cepcordoba.es\/index.php\/2013\/03\/12\/el-aprendizaje-de-lenguas-en-holanda\/"},"modified":"2018-04-24T14:16:47","modified_gmt":"2018-04-24T13:16:47","slug":"el-aprendizaje-de-lenguas-en-holanda","status":"publish","type":"post","link":"https:\/\/revistaeco.cepcordoba.es\/index.php\/2013\/03\/12\/el-aprendizaje-de-lenguas-en-holanda\/","title":{"rendered":"EL APRENDIZAJE DE LENGUAS EN HOLANDA."},"content":{"rendered":"<h4 style=\"text-align: left;\"><span style=\"font-size: 12pt; font-family: arial, helvetica, sans-serif;\"><strong>AUTORA:<\/strong><br \/>\n<\/span><\/h4>\n<p style=\"text-align: left;\"><span style=\"font-size: 14pt;\"><strong><span style=\"font-family: arial, helvetica, sans-serif;\">Leonor Mar\u00eda Mart\u00ednez Serrano<\/span><\/strong><\/span><\/p>\n<h4 style=\"text-align: left;\"><span style=\"font-size: 12pt;\"><span style=\"font-family: arial, helvetica, sans-serif;\"><strong>Resumen<\/strong><\/span><br \/>\n<\/span><\/h4>\n<p style=\"text-align: justify;\"><span style=\"font-size: 12pt; font-family: arial, helvetica, sans-serif;\">En el presente art\u00edculo, inspirado en una Visita de Estudio que se celebr\u00f3\u00a0 en La Haya y Leeuwarden en febrero de 2012, abordamos las claves del aprendizaje de lenguas y el pluriling\u00fcismo en el sistema educativo holand\u00e9s.<\/span><\/p>\n<p style=\"text-align: justify;\">\n<p>&nbsp;<\/p>\n<p><a href=\"http:\/\/revistaeco.cepcordoba.es\/wp-content\/uploads\/2018\/04\/Martinez10.pdf\"><img loading=\"lazy\" decoding=\"async\" class=\"aligncenter wp-image-2671 size-medium\" src=\"http:\/\/revistaeco.cepcordoba.es\/wp-content\/uploads\/2018\/04\/revistaCEP_numero10_portadA_DESCarga-212x300.png\" alt=\"\" width=\"212\" height=\"300\" srcset=\"https:\/\/revistaeco.cepcordoba.es\/wp-content\/uploads\/2018\/04\/revistaCEP_numero10_portadA_DESCarga-212x300.png 212w, https:\/\/revistaeco.cepcordoba.es\/wp-content\/uploads\/2018\/04\/revistaCEP_numero10_portadA_DESCarga-768x1086.png 768w, https:\/\/revistaeco.cepcordoba.es\/wp-content\/uploads\/2018\/04\/revistaCEP_numero10_portadA_DESCarga-724x1024.png 724w, https:\/\/revistaeco.cepcordoba.es\/wp-content\/uploads\/2018\/04\/revistaCEP_numero10_portadA_DESCarga.png 794w\" sizes=\"auto, (max-width: 212px) 100vw, 212px\" \/><\/a><\/p>\n","protected":false},"excerpt":{"rendered":"<p>Autora<br \/>\nLeonor Mar\u00eda Mart\u00ednez Serrano<\/p>\n<p>Resumen<br \/>\nEn el presente art\u00edculo, inspirado en una Visita de Estudio que se celebr\u00f3  en La Haya y Leeuwarden en febrero de 2012, abordamos las claves del aprendizaje de lenguas y el pluriling\u00fcismo en el sistema educativo holand\u00e9s.<\/p><p><a class=\"more-link btn\" href=\"https:\/\/revistaeco.cepcordoba.es\/index.php\/2013\/03\/12\/el-aprendizaje-de-lenguas-en-holanda\/\">Seguir leyendo<\/a><\/p>\n","protected":false},"author":1,"featured_media":0,"comment_status":"open","ping_status":"open","sticky":false,"template":"","format":"standard","meta":{"jetpack_post_was_ever_published":false,"_jetpack_newsletter_access":"","_jetpack_dont_email_post_to_subs":false,"_jetpack_newsletter_tier_id":0,"_jetpack_memberships_contains_paywalled_content":false,"_jetpack_memberships_contains_paid_content":false,"footnotes":"","jetpack_publicize_message":"","jetpack_publicize_feature_enabled":true,"jetpack_social_post_already_shared":false,"jetpack_social_options":{"image_generator_settings":{"template":"highway","default_image_id":0,"font":"","enabled":false},"version":2}},"categories":[23],"tags":[263,331,325],"class_list":["post-640","post","type-post","status-publish","format-standard","hentry","category-articulos-e-co-numero-10","tag-ensenanza-y-aprendizaje-de-idiomas","tag-holanda","tag-visitas-de-estudio","nodate","item-wrap"],"jetpack_publicize_connections":[],"jetpack_featured_media_url":"","jetpack_sharing_enabled":true,"jetpack_shortlink":"https:\/\/wp.me\/p8j08t-ak","_links":{"self":[{"href":"https:\/\/revistaeco.cepcordoba.es\/index.php\/wp-json\/wp\/v2\/posts\/640","targetHints":{"allow":["GET"]}}],"collection":[{"href":"https:\/\/revistaeco.cepcordoba.es\/index.php\/wp-json\/wp\/v2\/posts"}],"about":[{"href":"https:\/\/revistaeco.cepcordoba.es\/index.php\/wp-json\/wp\/v2\/types\/post"}],"author":[{"embeddable":true,"href":"https:\/\/revistaeco.cepcordoba.es\/index.php\/wp-json\/wp\/v2\/users\/1"}],"replies":[{"embeddable":true,"href":"https:\/\/revistaeco.cepcordoba.es\/index.php\/wp-json\/wp\/v2\/comments?post=640"}],"version-history":[{"count":4,"href":"https:\/\/revistaeco.cepcordoba.es\/index.php\/wp-json\/wp\/v2\/posts\/640\/revisions"}],"predecessor-version":[{"id":1881,"href":"https:\/\/revistaeco.cepcordoba.es\/index.php\/wp-json\/wp\/v2\/posts\/640\/revisions\/1881"}],"wp:attachment":[{"href":"https:\/\/revistaeco.cepcordoba.es\/index.php\/wp-json\/wp\/v2\/media?parent=640"}],"wp:term":[{"taxonomy":"category","embeddable":true,"href":"https:\/\/revistaeco.cepcordoba.es\/index.php\/wp-json\/wp\/v2\/categories?post=640"},{"taxonomy":"post_tag","embeddable":true,"href":"https:\/\/revistaeco.cepcordoba.es\/index.php\/wp-json\/wp\/v2\/tags?post=640"}],"curies":[{"name":"wp","href":"https:\/\/api.w.org\/{rel}","templated":true}]}}