{"id":659,"date":"2014-04-10T07:46:19","date_gmt":"2014-04-10T07:46:19","guid":{"rendered":"http:\/\/revistaeco.cepcordoba.es\/index.php\/2014\/04\/10\/formacion-continua-a-traves-de-programas-educativos-europeos\/"},"modified":"2017-05-02T03:35:18","modified_gmt":"2017-05-02T02:35:18","slug":"formacion-continua-a-traves-de-programas-educativos-europeos","status":"publish","type":"post","link":"https:\/\/revistaeco.cepcordoba.es\/index.php\/2014\/04\/10\/formacion-continua-a-traves-de-programas-educativos-europeos\/","title":{"rendered":"FORMACI\u00d3N CONTIN\u00daA A TRAV\u00c9S DE PROGRAMAS EDUCATIVOS EUROPEOS."},"content":{"rendered":"<p style=\"text-align: justify;\"><span style=\"font-size: 12pt;\"><strong>Autor<\/strong><\/span><\/p>\n<p style=\"text-align: justify;\"><span style=\"font-size: 12pt;\">Araujo Portugal, Juan Carlos<\/span><\/p>\n<p style=\"text-align: justify;\">\n<p style=\"text-align: justify;\"><span style=\"font-size: 12pt;\"><strong>Resumen<\/strong><\/span><\/p>\n<p style=\"text-align: justify;\"><span style=\"font-size: 12pt;\">En este art\u00edculo se describen los pasos que se han de seguir para solicitar una ayuda de los programas formativos financiados y promovidos por la Uni\u00f3n Europea para participar en una actividad de formaci\u00f3n continua del profesorado en un pa\u00eds europeo. Asimismo, se establecen las diferencias existentes entre estas ayudas y los cursos de did\u00e1ctica y metodolog\u00eda que convocan algunas Consejer\u00edas de Educaci\u00f3n, a la vez que se determinan tanto las ventajas como los inconvenientes de estos programas educativos frente a los cursos gestionados directamente por las Comunidades Aut\u00f3nomas.<\/span><\/p>\n<p>&nbsp;<\/p>\n<p style=\"text-align: center;\"><a href=\"http:\/\/revistaeco.cepcordoba.es\/wp-content\/uploads\/2014\/04\/araujo2.pdf\" target=\"_blank\" rel=\"noopener noreferrer\"><img loading=\"lazy\" decoding=\"async\" class=\"aligncenter wp-image-1532 size-full\" src=\"http:\/\/revistaeco.cepcordoba.es\/wp-content\/uploads\/2017\/04\/revistaCEP_numero11_portada200.png\" alt=\"\" width=\"200\" height=\"283\" \/><\/a><\/p>\n","protected":false},"excerpt":{"rendered":"<p>Autor<br \/>\nAraujo Portugal, Juan Carlos<\/p>\n<p>Resumen<br \/>\nEn este art\u00edculo se describen los pasos que se han de seguir para solicitar una ayuda de los programas formativos financiados y promovidos por la Uni\u00f3n Europea para participar en una actividad de formaci\u00f3n continua del profesorado en un pa\u00eds europeo. Asimismo, se establecen las diferencias existentes entre estas ayudas y los cursos de did\u00e1ctica y metodolog\u00eda que convocan algunas Consejer\u00edas de Educaci\u00f3n, a la vez que se determinan tanto las ventajas como los inconvenientes de estos programas educativos frente a los cursos gestionados directamente por las Comunidades Aut\u00f3nomas.<\/p><p><a class=\"more-link btn\" href=\"https:\/\/revistaeco.cepcordoba.es\/index.php\/2014\/04\/10\/formacion-continua-a-traves-de-programas-educativos-europeos\/\">Seguir leyendo<\/a><\/p>\n","protected":false},"author":1,"featured_media":0,"comment_status":"open","ping_status":"open","sticky":false,"template":"","format":"standard","meta":{"jetpack_post_was_ever_published":false,"_jetpack_newsletter_access":"","_jetpack_dont_email_post_to_subs":false,"_jetpack_newsletter_tier_id":0,"_jetpack_memberships_contains_paywalled_content":false,"_jetpack_memberships_contains_paid_content":false,"footnotes":"","jetpack_publicize_message":"","jetpack_publicize_feature_enabled":true,"jetpack_social_post_already_shared":false,"jetpack_social_options":{"image_generator_settings":{"template":"highway","default_image_id":0,"font":"","enabled":false},"version":2}},"categories":[30],"tags":[323],"class_list":["post-659","post","type-post","status-publish","format-standard","hentry","category-monografico-e-co-numero-11","tag-programas-educativos-europeos","nodate","item-wrap"],"jetpack_publicize_connections":[],"jetpack_featured_media_url":"","jetpack_sharing_enabled":true,"jetpack_shortlink":"https:\/\/wp.me\/p8j08t-aD","_links":{"self":[{"href":"https:\/\/revistaeco.cepcordoba.es\/index.php\/wp-json\/wp\/v2\/posts\/659","targetHints":{"allow":["GET"]}}],"collection":[{"href":"https:\/\/revistaeco.cepcordoba.es\/index.php\/wp-json\/wp\/v2\/posts"}],"about":[{"href":"https:\/\/revistaeco.cepcordoba.es\/index.php\/wp-json\/wp\/v2\/types\/post"}],"author":[{"embeddable":true,"href":"https:\/\/revistaeco.cepcordoba.es\/index.php\/wp-json\/wp\/v2\/users\/1"}],"replies":[{"embeddable":true,"href":"https:\/\/revistaeco.cepcordoba.es\/index.php\/wp-json\/wp\/v2\/comments?post=659"}],"version-history":[{"count":2,"href":"https:\/\/revistaeco.cepcordoba.es\/index.php\/wp-json\/wp\/v2\/posts\/659\/revisions"}],"predecessor-version":[{"id":1861,"href":"https:\/\/revistaeco.cepcordoba.es\/index.php\/wp-json\/wp\/v2\/posts\/659\/revisions\/1861"}],"wp:attachment":[{"href":"https:\/\/revistaeco.cepcordoba.es\/index.php\/wp-json\/wp\/v2\/media?parent=659"}],"wp:term":[{"taxonomy":"category","embeddable":true,"href":"https:\/\/revistaeco.cepcordoba.es\/index.php\/wp-json\/wp\/v2\/categories?post=659"},{"taxonomy":"post_tag","embeddable":true,"href":"https:\/\/revistaeco.cepcordoba.es\/index.php\/wp-json\/wp\/v2\/tags?post=659"}],"curies":[{"name":"wp","href":"https:\/\/api.w.org\/{rel}","templated":true}]}}