{"id":678,"date":"2014-04-10T08:33:56","date_gmt":"2014-04-10T08:33:56","guid":{"rendered":"http:\/\/revistaeco.cepcordoba.es\/index.php\/2014\/04\/10\/nuestra-asociacion-escolar-multilateral-una-oportunidad-para-aprender-y-consolidar-competencias-tecnologicas-culturales-y-deportivas\/"},"modified":"2017-05-02T03:28:10","modified_gmt":"2017-05-02T02:28:10","slug":"nuestra-asociacion-escolar-multilateral-una-oportunidad-para-aprender-y-consolidar-competencias-tecnologicas-culturales-y-deportivas","status":"publish","type":"post","link":"https:\/\/revistaeco.cepcordoba.es\/index.php\/2014\/04\/10\/nuestra-asociacion-escolar-multilateral-una-oportunidad-para-aprender-y-consolidar-competencias-tecnologicas-culturales-y-deportivas\/","title":{"rendered":"NUESTRA ASOCIACI\u00d3N ESCOLAR MULTILATERAL: UNA OPORTUNIDAD PARA APRENDER Y CONSOLIDAR COMPETENCIAS TECNOL\u00d3GICAS, CULTURALES Y DEPORTIVAS."},"content":{"rendered":"<p style=\"text-align: justify;\"><span style=\"font-size: 12pt;\"><strong>Autores<\/strong><\/span><\/p>\n<p style=\"text-align: justify;\"><span style=\"font-size: 12pt;\">Jerez Montoya, Trinidad<\/span><\/p>\n<p style=\"text-align: justify;\"><span style=\"font-size: 12pt;\">Segura Alcalde, Enrique<\/span><\/p>\n<p style=\"text-align: justify;\">\n<p style=\"text-align: justify;\"><span style=\"font-size: 12pt;\"><strong>Resumen<\/strong><\/span><\/p>\n<p style=\"text-align: justify;\"><span style=\"font-size: 12pt;\">El siguiente art\u00edculo pretende hacer un repaso de las caracter\u00edsticas principales de la Asociaci\u00f3n Escolar Multilateral Comenius <strong>Free time activities, dreams and aims of young European people: Music, sport and ICT (MSICT, <\/strong>en laque hemos participadocuatro centros europeos de Austria, Alemania, Francia y nuestro centro IES Santa Rosa de Lima, que ha realizado la coordinaci\u00f3n. Se ha realizado durante los cursos 2011\/12 y 2012\/13, realizando un total de cuatro encuentros en los que han participado m\u00e1s de 90 alumnos\/as y profesores\/as. El impacto de la asociaci\u00f3n en la vida acad\u00e9mica, ling\u00fc\u00edstica y cultural de los centros ha sido destacable. Igualmente ha contribuido a desarrollar la dimensi\u00f3n europea en el comunidad escolar, ya que las familias han experimentado la acogida de los alumnos\/as visitantes, y sus propios hijos\/as han sido acogidos\/as en las movilidades.<\/span><\/p>\n<p style=\"text-align: center;\"><a href=\"http:\/\/revistaeco.cepcordoba.es\/wp-content\/uploads\/2014\/04\/jerez.pdf\" target=\"_blank\" rel=\"noopener noreferrer\"><img loading=\"lazy\" decoding=\"async\" class=\"aligncenter wp-image-1532 size-full\" src=\"http:\/\/revistaeco.cepcordoba.es\/wp-content\/uploads\/2017\/04\/revistaCEP_numero11_portada200.png\" alt=\"\" width=\"200\" height=\"283\" \/><\/a><\/p>\n","protected":false},"excerpt":{"rendered":"<p>Autores<br \/>\nJerez Montoya, Trinidad<br \/>\nSegura Alcalde, Enrique<\/p>\n<p>Resumen<br \/>\nEl siguiente art\u00edculo pretende hacer un repaso de las caracter\u00edsticas principales de la Asociaci\u00f3n Escolar Multilateral Comenius Free time activities, dreams and aims of young European people: Music, sport and ICT (MSICT, en laque hemos participadocuatro centros europeos de Austria, Alemania, Francia y nuestro centro IES Santa Rosa de Lima, que ha realizado la coordinaci\u00f3n. Se ha realizado durante los cursos 2011\/12 y 2012\/13, realizando un total de cuatro encuentros en los que han participado m\u00e1s de 90 alumnos\/as y profesores\/as. El impacto de la asociaci\u00f3n en la vida acad\u00e9mica, ling\u00fc\u00edstica y cultural de los centros ha sido destacable. Igualmente ha contribuido a desarrollar la dimensi\u00f3n europea en el comunidad escolar, ya que las familias han experimentado la acogida de los alumnos\/as visitantes, y sus propios hijos\/as han sido acogidos\/as en las movilidades.<\/p><p><a class=\"more-link btn\" href=\"https:\/\/revistaeco.cepcordoba.es\/index.php\/2014\/04\/10\/nuestra-asociacion-escolar-multilateral-una-oportunidad-para-aprender-y-consolidar-competencias-tecnologicas-culturales-y-deportivas\/\">Seguir leyendo<\/a><\/p>\n","protected":false},"author":1,"featured_media":0,"comment_status":"open","ping_status":"open","sticky":false,"template":"","format":"standard","meta":{"jetpack_post_was_ever_published":false,"_jetpack_newsletter_access":"","_jetpack_dont_email_post_to_subs":false,"_jetpack_newsletter_tier_id":0,"_jetpack_memberships_contains_paywalled_content":false,"_jetpack_memberships_contains_paid_content":false,"footnotes":"","jetpack_publicize_message":"","jetpack_publicize_feature_enabled":true,"jetpack_social_post_already_shared":false,"jetpack_social_options":{"image_generator_settings":{"template":"highway","default_image_id":0,"font":"","enabled":false},"version":2}},"categories":[30],"tags":[323,326],"class_list":["post-678","post","type-post","status-publish","format-standard","hentry","category-monografico-e-co-numero-11","tag-programas-educativos-europeos","tag-proyecto-comenius","nodate","item-wrap"],"jetpack_publicize_connections":[],"jetpack_featured_media_url":"","jetpack_sharing_enabled":true,"jetpack_shortlink":"https:\/\/wp.me\/p8j08t-aW","_links":{"self":[{"href":"https:\/\/revistaeco.cepcordoba.es\/index.php\/wp-json\/wp\/v2\/posts\/678","targetHints":{"allow":["GET"]}}],"collection":[{"href":"https:\/\/revistaeco.cepcordoba.es\/index.php\/wp-json\/wp\/v2\/posts"}],"about":[{"href":"https:\/\/revistaeco.cepcordoba.es\/index.php\/wp-json\/wp\/v2\/types\/post"}],"author":[{"embeddable":true,"href":"https:\/\/revistaeco.cepcordoba.es\/index.php\/wp-json\/wp\/v2\/users\/1"}],"replies":[{"embeddable":true,"href":"https:\/\/revistaeco.cepcordoba.es\/index.php\/wp-json\/wp\/v2\/comments?post=678"}],"version-history":[{"count":2,"href":"https:\/\/revistaeco.cepcordoba.es\/index.php\/wp-json\/wp\/v2\/posts\/678\/revisions"}],"predecessor-version":[{"id":1857,"href":"https:\/\/revistaeco.cepcordoba.es\/index.php\/wp-json\/wp\/v2\/posts\/678\/revisions\/1857"}],"wp:attachment":[{"href":"https:\/\/revistaeco.cepcordoba.es\/index.php\/wp-json\/wp\/v2\/media?parent=678"}],"wp:term":[{"taxonomy":"category","embeddable":true,"href":"https:\/\/revistaeco.cepcordoba.es\/index.php\/wp-json\/wp\/v2\/categories?post=678"},{"taxonomy":"post_tag","embeddable":true,"href":"https:\/\/revistaeco.cepcordoba.es\/index.php\/wp-json\/wp\/v2\/tags?post=678"}],"curies":[{"name":"wp","href":"https:\/\/api.w.org\/{rel}","templated":true}]}}