{"id":715,"date":"2014-04-22T11:04:59","date_gmt":"2014-04-22T11:04:59","guid":{"rendered":"http:\/\/revistaeco.cepcordoba.es\/index.php\/2014\/04\/22\/monografico-sobre-programas-europeos\/"},"modified":"2017-04-30T12:45:06","modified_gmt":"2017-04-30T11:45:06","slug":"monografico-sobre-programas-europeos","status":"publish","type":"post","link":"https:\/\/revistaeco.cepcordoba.es\/index.php\/2014\/04\/22\/monografico-sobre-programas-europeos\/","title":{"rendered":"MONOGR\u00c1FICO SOBRE PROGRAMAS EUROPEOS."},"content":{"rendered":"<p style=\"text-align: justify;\"><span style=\"font-size: 12pt;\">Acab\u00f3 2013 durante el presente curso y con \u00e9l cerr\u00f3 siete a\u00f1os de vigencia del <strong>Programa de Aprendizaje Permanente<\/strong>, siete a\u00f1os de conciliaci\u00f3n y construcci\u00f3n europea desde la educaci\u00f3n, y siete a\u00f1os de exitosa relaci\u00f3n entre quienes ejercemos la misma labor docente m\u00e1s all\u00e1 de la idea de nuestros territorios.<\/span><\/p>\n<p style=\"text-align: justify;\"><span style=\"font-size: 12pt;\">Desde que el <strong>Tratado de Maastricht<\/strong> diera fundamento jur\u00eddico, no solo a las bases socio-econ\u00f3micas de la Uni\u00f3n sino tambi\u00e9n y con ellas consagrara oficialmente el inter\u00e9s de sus estados miembros por abordar pol\u00edticas educativas comunes, en las que la cooperaci\u00f3n y el intercambio resultasen habituales, algunas iniciativas se llevaron a cabo con \u00e9xito en este sentido pero ninguna, a decir verdad, con el que culmina \u00a0el PAP. Y es que, afortunadamente, durante estos \u00faltimos a\u00f1os, raro ha sido el centro que no ha dejado de estudiar Europa como continente para vivirlo como tal; extra\u00f1o igualmente el colegio o instituto de cualquier parte de nuestra geograf\u00eda en el que alguno de sus docentes no haya llevado a sus aulas la rica experiencia que le report\u00f3 su estancia formativa en el exterior; y todo ello, gracias al esfuerzo de sus protagonistas pero posibilitado por el PAP.<br \/>\n<\/span><\/p>\n<p style=\"text-align: justify;\"><span style=\"font-size: 12pt;\">Por cuanto significa lo que narran, lo que a buen seguro aportaron a cada alumno o alumna que en suerte particip\u00f3 de cada experiencia, y cuanto repercuti\u00f3 en la mejora de nuestro sistema educativo, sirvan estas l\u00edneas como sincero reconocimiento y \u00e1nimo para perseverar en la din\u00e1mica creada. Si como dijo Mar\u00eda Zambrano, \u201c\u2026la historia de Europa siempre estuvo movida por grandes delirios y utop\u00edas\u2026\u201d \u00a0justo ser\u00e1 reconocer la labor de quienes posibilitan tanta \u201censo\u00f1aci\u00f3n\u201d en nuestros centros, y con tan efectivo resultado.<\/span><\/p>\n<p style=\"text-align: justify;\"><span style=\"font-size: 12pt;\"><br \/>\nNo pod\u00eda haber elegido mejor fecha esta publicaci\u00f3n para hacer acopio de experiencias educativas con vocaci\u00f3n europea que la que plantea este fin de ciclo. Como ha sido habitual en los \u00faltimos n\u00fameros, el presente <strong>monogr\u00e1fico<\/strong> sobre Programas Europeos recoge aportaciones diversas, complementarias todas ellas, como diversas han sido las acciones que estructuraron el PAP. Si en algunos casos sus autores o autoras han tratado de hacer accesibles algunos t\u00e9rminos (referidos a acciones) solo manejados por experimentados en este espacio, en otros han querido trasladar la riqueza de su propia experiencia, la construcci\u00f3n de sus sensaciones personales, o la simple impresi\u00f3n de lo conseguido tras a\u00f1os de trabajo asociativo en sus centros. <\/span><\/p>\n<p style=\"text-align: right;\"><span style=\"font-size: 12pt;\"><strong><span style=\"text-align: justify;\">Francisco Javier Bl\u00e1zquez Ruz<\/span><br \/>\n<\/strong><\/span><\/p>\n<p style=\"text-align: right;\"><span style=\"font-size: 12pt;\"><strong>ASESOR \u00c1MBITO LING\u00dc\u00cfSTICO DEL CEP DE C\u00d3RDOBA<\/strong><\/span><\/p>\n","protected":false},"excerpt":{"rendered":"<p>Acab\u00f3 2013 durante el presente curso y con \u00e9l cerr\u00f3 siete a\u00f1os de vigencia del Programa de Aprendizaje Permanente, siete a\u00f1os de conciliaci\u00f3n y construcci\u00f3n europea desde la educaci\u00f3n, y siete a\u00f1os de exitosa relaci\u00f3n entre quienes ejercemos la misma labor docente m\u00e1s all\u00e1 de la idea de nuestros territorios. Desde que el Tratado de &hellip; <\/p>\n<p><a class=\"more-link btn\" href=\"https:\/\/revistaeco.cepcordoba.es\/index.php\/2014\/04\/22\/monografico-sobre-programas-europeos\/\">Seguir leyendo<\/a><\/p>\n","protected":false},"author":1,"featured_media":0,"comment_status":"open","ping_status":"open","sticky":false,"template":"","format":"standard","meta":{"jetpack_post_was_ever_published":false,"_jetpack_newsletter_access":"","_jetpack_dont_email_post_to_subs":false,"_jetpack_newsletter_tier_id":0,"_jetpack_memberships_contains_paywalled_content":false,"_jetpack_memberships_contains_paid_content":false,"footnotes":"","jetpack_publicize_message":"","jetpack_publicize_feature_enabled":true,"jetpack_social_post_already_shared":false,"jetpack_social_options":{"image_generator_settings":{"template":"highway","default_image_id":0,"font":"","enabled":false},"version":2}},"categories":[30],"tags":[],"class_list":["post-715","post","type-post","status-publish","format-standard","hentry","category-monografico-e-co-numero-11","nodate","item-wrap"],"jetpack_publicize_connections":[],"jetpack_featured_media_url":"","jetpack_sharing_enabled":true,"jetpack_shortlink":"https:\/\/wp.me\/p8j08t-bx","_links":{"self":[{"href":"https:\/\/revistaeco.cepcordoba.es\/index.php\/wp-json\/wp\/v2\/posts\/715","targetHints":{"allow":["GET"]}}],"collection":[{"href":"https:\/\/revistaeco.cepcordoba.es\/index.php\/wp-json\/wp\/v2\/posts"}],"about":[{"href":"https:\/\/revistaeco.cepcordoba.es\/index.php\/wp-json\/wp\/v2\/types\/post"}],"author":[{"embeddable":true,"href":"https:\/\/revistaeco.cepcordoba.es\/index.php\/wp-json\/wp\/v2\/users\/1"}],"replies":[{"embeddable":true,"href":"https:\/\/revistaeco.cepcordoba.es\/index.php\/wp-json\/wp\/v2\/comments?post=715"}],"version-history":[{"count":1,"href":"https:\/\/revistaeco.cepcordoba.es\/index.php\/wp-json\/wp\/v2\/posts\/715\/revisions"}],"predecessor-version":[{"id":1828,"href":"https:\/\/revistaeco.cepcordoba.es\/index.php\/wp-json\/wp\/v2\/posts\/715\/revisions\/1828"}],"wp:attachment":[{"href":"https:\/\/revistaeco.cepcordoba.es\/index.php\/wp-json\/wp\/v2\/media?parent=715"}],"wp:term":[{"taxonomy":"category","embeddable":true,"href":"https:\/\/revistaeco.cepcordoba.es\/index.php\/wp-json\/wp\/v2\/categories?post=715"},{"taxonomy":"post_tag","embeddable":true,"href":"https:\/\/revistaeco.cepcordoba.es\/index.php\/wp-json\/wp\/v2\/tags?post=715"}],"curies":[{"name":"wp","href":"https:\/\/api.w.org\/{rel}","templated":true}]}}