{"id":801,"date":"2016-04-10T15:22:09","date_gmt":"2016-04-10T15:22:09","guid":{"rendered":"http:\/\/revistaeco.cepcordoba.es\/index.php\/2016\/04\/10\/la-evolucion-de-la-educacion-permanente-y-su-gran-dificultad-el-abandono-educativo\/"},"modified":"2017-11-02T07:11:49","modified_gmt":"2017-11-02T06:11:49","slug":"la-evolucion-de-la-educacion-permanente-y-su-gran-dificultad-el-abandono-educativo","status":"publish","type":"post","link":"https:\/\/revistaeco.cepcordoba.es\/index.php\/2016\/04\/10\/la-evolucion-de-la-educacion-permanente-y-su-gran-dificultad-el-abandono-educativo\/","title":{"rendered":"LA EVOLUCI\u00d3N DE LA EDUCACI\u00d3N PERMANENTE Y SU GRAN DIFICULTAD, EL ABANDONO EDUCATIVO"},"content":{"rendered":"<p style=\"text-align: left;\"><span style=\"color: #800000; font-size: 12pt;\"><strong>AUTOR<\/strong><\/span><\/p>\n<p style=\"text-align: left;\"><span style=\"font-size: 12pt;\"><b>Francisco Fern\u00e1ndez Merino<\/b><\/span><\/p>\n<p style=\"text-align: left;\"><span style=\"font-size: 12pt;\">Asesor provincial de Educaci\u00f3n Permanente<\/span><\/p>\n<p style=\"text-align: left;\"><span style=\"font-size: 12pt;\">Centro del Profesorado de Sevilla<\/span><\/p>\n<p style=\"text-align: left;\"><span style=\"font-size: 12pt; line-height: 1.3em;\">\u00a0<\/span><\/p>\n<p><span style=\"font-size: 12pt;\"><strong>Resumen<\/strong>\u00a0<\/span><\/p>\n<p style=\"text-align: justify;\"><span style=\"font-size: 12pt;\">Los Centros de Educaci\u00f3n Permanente han sufrido una evoluci\u00f3n notable en Andaluc\u00eda, han causado un gran impacto social y educativo y todav\u00eda esperamos que en adelante tambi\u00e9n cambien.<\/span><\/p>\n<p style=\"text-align: justify;\"><span style=\"font-size: 12pt;\">Para este cambio futuro es necesario observar la realidad de nuestras aulas, de nuestros centros y de los entornos en los que vive nuestro alumnado. Uno de los retos fundamentales es luchar contra el absentismo de personas adultas que progresivamente abandonan las aulas en las que se matricularon para el que se propone un \u00e1rbol de problemas que estructura y analiza las circunstancias multifactoriales que influyen.<\/span><\/p>\n<p>&nbsp;<\/p>\n<p><span style=\"font-size: 12pt;\"><b>Abstract<\/b><\/span><\/p>\n<p style=\"text-align: justify;\"><span style=\"font-size: 12pt;\">Lifelong Education Centres have notably evolved in Andalucia in the last decade. In fact, it has undergone an evolution in accordance with the changes of society, which is openly reflected at school. One of the key challenges is lowering down absentism rates in adult education. In this sense, a treelike problem-analysis strategy is suggested in order to address the multilayered factors affecting this education sector.<\/span><b><\/b><\/p>\n<p>&nbsp;<\/p>\n<p style=\"text-align: center;\"><a href=\"http:\/\/revistaeco.cepcordoba.es\/wp-content\/uploads\/2017\/11\/fernandez_evolucion_permanente.pdf\" target=\"_blank\" rel=\"noopener noreferrer\"><img loading=\"lazy\" decoding=\"async\" class=\"aligncenter wp-image-1544 size-medium\" src=\"http:\/\/revistaeco.cepcordoba.es\/wp-content\/uploads\/2016\/04\/portada-eco13-215x300.jpg\" alt=\"\" width=\"215\" height=\"300\" \/><\/a><\/p>\n","protected":false},"excerpt":{"rendered":"<p>AUTOR<br \/>\nFrancisco Fern\u00e1ndez Merino<br \/>\nResumen<br \/>\nLos Centros de Educaci\u00f3n Permanente han sufrido una evoluci\u00f3n notable en Andaluc\u00eda, han causado un gran impacto social y educativo y todav\u00eda esperamos que en adelante tambi\u00e9n cambien.<br \/>\nPara este cambio futuro es necesario observar la realidad de nuestras aulas, de nuestros centros y de los entornos en los que vive nuestro alumnado. Uno de los retos fundamentales es luchar contra el absentismo de personas adultas que progresivamente abandonan las aulas en las que se matricularon para el que se propone un \u00e1rbol de problemas que estructura y analiza las circunstancias multifactoriales que influyen.<\/p><p><a class=\"more-link btn\" href=\"https:\/\/revistaeco.cepcordoba.es\/index.php\/2016\/04\/10\/la-evolucion-de-la-educacion-permanente-y-su-gran-dificultad-el-abandono-educativo\/\">Seguir leyendo<\/a><\/p>\n","protected":false},"author":1,"featured_media":0,"comment_status":"open","ping_status":"open","sticky":false,"template":"","format":"standard","meta":{"jetpack_post_was_ever_published":false,"_jetpack_newsletter_access":"","_jetpack_dont_email_post_to_subs":false,"_jetpack_newsletter_tier_id":0,"_jetpack_memberships_contains_paywalled_content":false,"_jetpack_memberships_contains_paid_content":false,"footnotes":"","jetpack_publicize_message":"","jetpack_publicize_feature_enabled":true,"jetpack_social_post_already_shared":false,"jetpack_social_options":{"image_generator_settings":{"template":"highway","default_image_id":0,"font":"","enabled":false},"version":2}},"categories":[37],"tags":[276,266,61],"class_list":["post-801","post","type-post","status-publish","format-standard","hentry","category-monografico-e-co-numero-13","tag-absentismo","tag-educacion-de-personas-adultas","tag-educacion-permanente","nodate","item-wrap"],"jetpack_publicize_connections":[],"jetpack_featured_media_url":"","jetpack_sharing_enabled":true,"jetpack_shortlink":"https:\/\/wp.me\/p8j08t-cV","_links":{"self":[{"href":"https:\/\/revistaeco.cepcordoba.es\/index.php\/wp-json\/wp\/v2\/posts\/801","targetHints":{"allow":["GET"]}}],"collection":[{"href":"https:\/\/revistaeco.cepcordoba.es\/index.php\/wp-json\/wp\/v2\/posts"}],"about":[{"href":"https:\/\/revistaeco.cepcordoba.es\/index.php\/wp-json\/wp\/v2\/types\/post"}],"author":[{"embeddable":true,"href":"https:\/\/revistaeco.cepcordoba.es\/index.php\/wp-json\/wp\/v2\/users\/1"}],"replies":[{"embeddable":true,"href":"https:\/\/revistaeco.cepcordoba.es\/index.php\/wp-json\/wp\/v2\/comments?post=801"}],"version-history":[{"count":3,"href":"https:\/\/revistaeco.cepcordoba.es\/index.php\/wp-json\/wp\/v2\/posts\/801\/revisions"}],"predecessor-version":[{"id":2270,"href":"https:\/\/revistaeco.cepcordoba.es\/index.php\/wp-json\/wp\/v2\/posts\/801\/revisions\/2270"}],"wp:attachment":[{"href":"https:\/\/revistaeco.cepcordoba.es\/index.php\/wp-json\/wp\/v2\/media?parent=801"}],"wp:term":[{"taxonomy":"category","embeddable":true,"href":"https:\/\/revistaeco.cepcordoba.es\/index.php\/wp-json\/wp\/v2\/categories?post=801"},{"taxonomy":"post_tag","embeddable":true,"href":"https:\/\/revistaeco.cepcordoba.es\/index.php\/wp-json\/wp\/v2\/tags?post=801"}],"curies":[{"name":"wp","href":"https:\/\/api.w.org\/{rel}","templated":true}]}}