{"id":817,"date":"2016-04-11T10:29:33","date_gmt":"2016-04-11T10:29:33","guid":{"rendered":"http:\/\/revistaeco.cepcordoba.es\/index.php\/2016\/04\/11\/la-formacion-del-profesorado-de-educacion-permanente-de-personas-adultas-en-andalucia\/"},"modified":"2017-04-24T11:07:22","modified_gmt":"2017-04-24T10:07:22","slug":"la-formacion-del-profesorado-de-educacion-permanente-de-personas-adultas-en-andalucia","status":"publish","type":"post","link":"https:\/\/revistaeco.cepcordoba.es\/index.php\/2016\/04\/11\/la-formacion-del-profesorado-de-educacion-permanente-de-personas-adultas-en-andalucia\/","title":{"rendered":"LA FORMACI\u00d3N DEL PROFESORADO DE EDUCACI\u00d3N PERMANENTE DE PERSONAS ADULTAS EN ANDALUC\u00cdA"},"content":{"rendered":"<p style=\"text-align: left;\"><span style=\"font-size: 12pt; color: #800000;\"><strong>AUTOR<\/strong><\/span><\/p>\n<p style=\"text-align: left;\"><span style=\"font-size: 12pt;\"><b>Miguel Calvillo Jurado<\/b><\/span><\/p>\n<p style=\"text-align: left;\"><span style=\"font-size: 12pt;\">Asesor provincial de Educaci\u00f3n Permanente<\/span><\/p>\n<p style=\"text-align: left;\"><span style=\"font-size: 12pt;\">Centro del Profesorado de C\u00f3rdoba<\/span><\/p>\n<p><span style=\"font-size: 12pt;\"><b>Resumen<\/b><b><\/b><\/span><\/p>\n<p style=\"text-align: justify;\"><span style=\"font-size: 12pt;\">Las peculiaridades del profesorado y los centros de educaci\u00f3n permanente hacen que las l\u00edneas estrat\u00e9gicas dictadas por la Junta de Andaluc\u00eda para la formaci\u00f3n del profesorado en general deban tener su propias l\u00edneas a\u00f1adidas de las que pueden extraerse una serie de recomendaciones propias como una mayor presencia de formaci\u00f3n a distancia, mayor importancia de publicaciones corporativas, establecimiento de redes y formaci\u00f3n TIC peculiar para cuyo impulso ha sido determinante la creaci\u00f3n de asesor\u00edas espec\u00edficas de EPER.<\/span><\/p>\n<p style=\"text-align: justify;\"><span style=\"font-size: 12pt;\"><b>Abstract<\/b><\/span><\/p>\n<p style=\"text-align: justify;\"><span style=\"font-size: 12pt;\">The peculiarities of teachers and Adult Education Centers with the strategic guidelines approved by the Government of Andalusia for teacher training in general should have their own added lines that can be drawn from a number of own recommendations as a greater presence on line training, more important corporate publications, networking and personal ICT for which training has been decisive impulse creating specific advisory service EPER.<\/span><\/p>\n<p style=\"text-align: center;\"><a href=\"http:\/\/revistaeco.cepcordoba.es\/wp-content\/uploads\/2016\/04\/calvillo.pdf\" target=\"_blank\" rel=\"noopener noreferrer\"><img loading=\"lazy\" decoding=\"async\" class=\"aligncenter wp-image-1544 size-medium\" src=\"http:\/\/revistaeco.cepcordoba.es\/wp-content\/uploads\/2016\/04\/portada-eco13-215x300.jpg\" alt=\"\" width=\"215\" height=\"300\" \/><\/a><\/p>\n","protected":false},"excerpt":{"rendered":"<p>AUTOR<br \/>\nMiguel Calvillo Jurado<br \/>\nResumen<br \/>\nLas peculiaridades del profesorado y los centros de educaci\u00f3n permanente hacen que las l\u00edneas estrat\u00e9gicas dictadas por la Junta de Andaluc\u00eda para la formaci\u00f3n del profesorado en general deban tener su propias l\u00edneas a\u00f1adidas de las que pueden extraerse una serie de recomendaciones propias como una mayor presencia de formaci\u00f3n a distancia, mayor importancia de publicaciones corporativas, establecimiento de redes y formaci\u00f3n TIC peculiar para cuyo impulso ha sido determinante la creaci\u00f3n de asesor\u00edas espec\u00edficas de EPER.<\/p><p><a class=\"more-link btn\" href=\"https:\/\/revistaeco.cepcordoba.es\/index.php\/2016\/04\/11\/la-formacion-del-profesorado-de-educacion-permanente-de-personas-adultas-en-andalucia\/\">Seguir leyendo<\/a><\/p>\n","protected":false},"author":1,"featured_media":0,"comment_status":"open","ping_status":"open","sticky":false,"template":"","format":"standard","meta":{"jetpack_post_was_ever_published":false,"_jetpack_newsletter_access":"","_jetpack_dont_email_post_to_subs":false,"_jetpack_newsletter_tier_id":0,"_jetpack_memberships_contains_paywalled_content":false,"_jetpack_memberships_contains_paid_content":false,"footnotes":"","jetpack_publicize_message":"","jetpack_publicize_feature_enabled":true,"jetpack_social_post_already_shared":false,"jetpack_social_options":{"image_generator_settings":{"template":"highway","default_image_id":0,"font":"","enabled":false},"version":2}},"categories":[37],"tags":[61,131,259],"class_list":["post-817","post","type-post","status-publish","format-standard","hentry","category-monografico-e-co-numero-13","tag-educacion-permanente","tag-formacion-del-profesorado","tag-personas-adultas","nodate","item-wrap"],"jetpack_publicize_connections":[],"jetpack_featured_media_url":"","jetpack_sharing_enabled":true,"jetpack_shortlink":"https:\/\/wp.me\/p8j08t-db","_links":{"self":[{"href":"https:\/\/revistaeco.cepcordoba.es\/index.php\/wp-json\/wp\/v2\/posts\/817","targetHints":{"allow":["GET"]}}],"collection":[{"href":"https:\/\/revistaeco.cepcordoba.es\/index.php\/wp-json\/wp\/v2\/posts"}],"about":[{"href":"https:\/\/revistaeco.cepcordoba.es\/index.php\/wp-json\/wp\/v2\/types\/post"}],"author":[{"embeddable":true,"href":"https:\/\/revistaeco.cepcordoba.es\/index.php\/wp-json\/wp\/v2\/users\/1"}],"replies":[{"embeddable":true,"href":"https:\/\/revistaeco.cepcordoba.es\/index.php\/wp-json\/wp\/v2\/comments?post=817"}],"version-history":[{"count":3,"href":"https:\/\/revistaeco.cepcordoba.es\/index.php\/wp-json\/wp\/v2\/posts\/817\/revisions"}],"predecessor-version":[{"id":1636,"href":"https:\/\/revistaeco.cepcordoba.es\/index.php\/wp-json\/wp\/v2\/posts\/817\/revisions\/1636"}],"wp:attachment":[{"href":"https:\/\/revistaeco.cepcordoba.es\/index.php\/wp-json\/wp\/v2\/media?parent=817"}],"wp:term":[{"taxonomy":"category","embeddable":true,"href":"https:\/\/revistaeco.cepcordoba.es\/index.php\/wp-json\/wp\/v2\/categories?post=817"},{"taxonomy":"post_tag","embeddable":true,"href":"https:\/\/revistaeco.cepcordoba.es\/index.php\/wp-json\/wp\/v2\/tags?post=817"}],"curies":[{"name":"wp","href":"https:\/\/api.w.org\/{rel}","templated":true}]}}